{"id":47,"date":"2023-11-17T18:11:15","date_gmt":"2023-11-17T18:11:15","guid":{"rendered":"https:\/\/www.cprembalagens.com.br\/blog\/?p=47"},"modified":"2025-01-22T12:43:17","modified_gmt":"2025-01-22T12:43:17","slug":"manga-de-pvc-retratil-o-que-e-e-quais-suas-aplicacoes","status":"publish","type":"post","link":"https:\/\/cprembalagens.com.br\/blog\/manga-de-pvc-retratil-o-que-e-e-quais-suas-aplicacoes\/","title":{"rendered":"Manga de PVC retr\u00e1til: o que \u00e9 e quais suas aplica\u00e7\u00f5es"},"content":{"rendered":"<span class=\"rt-reading-time\" style=\"display: block;\"><span class=\"rt-label rt-prefix\">Tempo de leitura: <\/span> <span class=\"rt-time\">2<\/span> <span class=\"rt-label rt-postfix\">minutos<\/span><\/span>\n<p>A manga de PVC retr\u00e1til \u00e9 um tipo de embalagem que \u00e9 feita de um filme de PVC que \u00e9 aquecido e depois retra\u00eddo para envolver o produto a ser embalado.<\/p>\n\n\n\n<p>Essa embalagem \u00e9 muito vers\u00e1til e pode ser usada para uma variedade de produtos, desde alimentos e bebidas at\u00e9 eletrodom\u00e9sticos e m\u00f3veis.<\/p>\n\n\n\n<p>Quando falamos sobre as mangas de PVC dupla termo retr\u00e1til mono orientado, buscamos sempre ressaltar sua versatilidade, uma vez que pode ser aplicada da melhor maneira poss\u00edvel.<\/p>\n\n\n\n<p>Quer saber mais detalhes? Ent\u00e3o, continue conosco no decorrer deste artigo e venha tirar todas as suas d\u00favidas sobre a nossa atua\u00e7\u00e3o.<\/p>\n\n\n\n<ul class=\"wp-block-list\">\n<li><a href=\"https:\/\/cprembalagens.com.br\/blog\/fornecedor-de-lacre-de-garrafao-de-agua-conte-com-a-qualidade-da-cpr-embalagens\/\">Fornecedor de lacre de garraf\u00e3o de \u00e1gua: conte com a qualidade da CPR Embalagens<\/a><\/li>\n<\/ul>\n\n\n\n<div id=\"ez-toc-container\" class=\"ez-toc-v2_0_62 counter-hierarchy ez-toc-counter ez-toc-grey ez-toc-container-direction\">\n<div class=\"ez-toc-title-container\">\n<p class=\"ez-toc-title \" >T&oacute;picos do artigo<\/p>\n<span class=\"ez-toc-title-toggle\"><a href=\"#\" class=\"ez-toc-pull-right ez-toc-btn ez-toc-btn-xs ez-toc-btn-default ez-toc-toggle\" aria-label=\"Toggle Table of Content\"><span class=\"ez-toc-js-icon-con\"><span class=\"\"><span class=\"eztoc-hide\" style=\"display:none;\">Toggle<\/span><span class=\"ez-toc-icon-toggle-span\"><svg style=\"fill: #999;color:#999\" xmlns=\"http:\/\/www.w3.org\/2000\/svg\" class=\"list-377408\" width=\"20px\" height=\"20px\" viewBox=\"0 0 24 24\" fill=\"none\"><path d=\"M6 6H4v2h2V6zm14 0H8v2h12V6zM4 11h2v2H4v-2zm16 0H8v2h12v-2zM4 16h2v2H4v-2zm16 0H8v2h12v-2z\" fill=\"currentColor\"><\/path><\/svg><svg style=\"fill: #999;color:#999\" class=\"arrow-unsorted-368013\" xmlns=\"http:\/\/www.w3.org\/2000\/svg\" width=\"10px\" height=\"10px\" viewBox=\"0 0 24 24\" version=\"1.2\" baseProfile=\"tiny\"><path d=\"M18.2 9.3l-6.2-6.3-6.2 6.3c-.2.2-.3.4-.3.7s.1.5.3.7c.2.2.4.3.7.3h11c.3 0 .5-.1.7-.3.2-.2.3-.5.3-.7s-.1-.5-.3-.7zM5.8 14.7l6.2 6.3 6.2-6.3c.2-.2.3-.5.3-.7s-.1-.5-.3-.7c-.2-.2-.4-.3-.7-.3h-11c-.3 0-.5.1-.7.3-.2.2-.3.5-.3.7s.1.5.3.7z\"\/><\/svg><\/span><\/span><\/span><\/a><\/span><\/div>\n<nav><ul class='ez-toc-list ez-toc-list-level-1 ' ><li class='ez-toc-page-1 ez-toc-heading-level-2'><a class=\"ez-toc-link ez-toc-heading-1\" href=\"https:\/\/cprembalagens.com.br\/blog\/manga-de-pvc-retratil-o-que-e-e-quais-suas-aplicacoes\/#O_que_e_a_manga_de_PVC_Retratil\" title=\"O que \u00e9 a manga de PVC Retr\u00e1til?\">O que \u00e9 a manga de PVC Retr\u00e1til?<\/a><ul class='ez-toc-list-level-3' ><li class='ez-toc-heading-level-3'><a class=\"ez-toc-link ez-toc-heading-2\" href=\"https:\/\/cprembalagens.com.br\/blog\/manga-de-pvc-retratil-o-que-e-e-quais-suas-aplicacoes\/#Conheca_as_vantagens_da_manga_de_PVC_dupla_termo_retratil_mono_orientado\" title=\"Conhe\u00e7a as vantagens da manga de PVC dupla termo retr\u00e1til mono orientado\">Conhe\u00e7a as vantagens da manga de PVC dupla termo retr\u00e1til mono orientado<\/a><\/li><\/ul><\/li><li class='ez-toc-page-1 ez-toc-heading-level-2'><a class=\"ez-toc-link ez-toc-heading-3\" href=\"https:\/\/cprembalagens.com.br\/blog\/manga-de-pvc-retratil-o-que-e-e-quais-suas-aplicacoes\/#Encontre_a_manga_de_PVC_retratil_certa_para_voce_na_CPR_Embalagens\" title=\"Encontre a manga de PVC retr\u00e1til certa para voc\u00ea na CPR Embalagens!\">Encontre a manga de PVC retr\u00e1til certa para voc\u00ea na CPR Embalagens!<\/a><ul class='ez-toc-list-level-3' ><li class='ez-toc-heading-level-3'><a class=\"ez-toc-link ez-toc-heading-4\" href=\"https:\/\/cprembalagens.com.br\/blog\/manga-de-pvc-retratil-o-que-e-e-quais-suas-aplicacoes\/#Converse_com_nossos_consultores_e_solicite_um_orcamento\" title=\"Converse com nossos consultores e solicite um or\u00e7amento!\">Converse com nossos consultores e solicite um or\u00e7amento!<\/a><\/li><\/ul><\/li><\/ul><\/nav><\/div>\n<h2 class=\"wp-block-heading\"><span class=\"ez-toc-section\" id=\"O_que_e_a_manga_de_PVC_Retratil\"><\/span>O que \u00e9 a manga de PVC Retr\u00e1til?<span class=\"ez-toc-section-end\"><\/span><\/h2>\n\n\n\n<p>A manga de PVC retr\u00e1til \u00e9 um tipo especial de embalagem que se destaca pela sua capacidade de contrair-se quando exposta ao calor.<\/p>\n\n\n\n<p>Essa caracter\u00edstica \u00fanica permite que a manga se ajuste perfeitamente ao formato do produto, proporcionando uma embalagem justa e segura.<\/p>\n\n\n\n<p>Feita a partir de PVC (Policloreto de Vinila), um material conhecido por sua durabilidade e resist\u00eancia, a manga retr\u00e1til oferece uma prote\u00e7\u00e3o eficaz contra poeira, umidade e outros elementos que podem comprometer a integridade do produto embalado.<\/p>\n\n\n\n<h3 class=\"wp-block-heading\"><span class=\"ez-toc-section\" id=\"Conheca_as_vantagens_da_manga_de_PVC_dupla_termo_retratil_mono_orientado\"><\/span>Conhe\u00e7a as vantagens da manga de PVC dupla termo retr\u00e1til mono orientado<span class=\"ez-toc-section-end\"><\/span><\/h3>\n\n\n<div class=\"wp-block-image is-style-rounded\">\n<figure class=\"alignright size-full is-resized\"><img decoding=\"async\" width=\"440\" height=\"365\" src=\"https:\/\/www.cprembalagens.com.br\/blog\/wp-content\/uploads\/2023\/10\/manga-simples.webp\" alt=\"A manga termoencolh\u00edvel promocional \u00e9 um tipo de produto capaz de trazer diversos benef\u00edcios para sua empresa! Saiba tudo em nosso blog!\" class=\"wp-image-33\" style=\"width:191px;height:auto\" srcset=\"https:\/\/cprembalagens.com.br\/blog\/wp-content\/uploads\/2023\/10\/manga-simples.webp 440w, https:\/\/cprembalagens.com.br\/blog\/wp-content\/uploads\/2023\/10\/manga-simples-300x249.webp 300w\" sizes=\"(max-width: 440px) 100vw, 440px\" \/><\/figure>\n<\/div>\n\n\n<p>Uma das variantes mais avan\u00e7adas das mangas de PVC retr\u00e1til \u00e9 a <strong>dupla termo retr\u00e1til mono orientada<\/strong>. <\/p>\n\n\n\n<p>Essa tecnologia eleva ainda mais o desempenho da embalagem, proporcionando uma resist\u00eancia superior e uma aplica\u00e7\u00e3o mais eficiente.<\/p>\n\n\n\n<p>As principais vantagens dessa variante incluem a capacidade de suportar condi\u00e7\u00f5es extremas de temperatura, mantendo a integridade da embalagem mesmo em ambientes adversos.<\/p>\n\n\n\n<p>Al\u00e9m disso, a manga de PVC dupla termo retr\u00e1til mono orientado oferece uma excelente transpar\u00eancia, permitindo que os consumidores visualizem o produto de forma clara, o que pode ser um diferencial importante para produtos que dependem de uma apresenta\u00e7\u00e3o visual atraente.<\/p>\n\n\n\n<h2 class=\"wp-block-heading\"><span class=\"ez-toc-section\" id=\"Encontre_a_manga_de_PVC_retratil_certa_para_voce_na_CPR_Embalagens\"><\/span>Encontre a manga de PVC retr\u00e1til certa para voc\u00ea na CPR Embalagens!<span class=\"ez-toc-section-end\"><\/span><\/h2>\n\n\n\n<p>Se voc\u00ea est\u00e1 na busca pelas mangas de PVC retr\u00e1til ideal para suas necessidades, \u00e9 crucial contar com um fornecedor confi\u00e1vel e experiente.\u00a0<\/p>\n\n\n\n<p>E a CPR Embalagens destaca-se como uma refer\u00eancia no mercado de embalagens, oferecendo uma ampla variedade de solu\u00e7\u00f5es.<\/p>\n\n\n\n<p>Com anos de experi\u00eancia e um compromisso inabal\u00e1vel com a qualidade, a CPR Embalagens se tornou a escolha preferida de empresas que buscam excel\u00eancia em embalagens.<\/p>\n\n\n\n<h3 class=\"wp-block-heading\"><span class=\"ez-toc-section\" id=\"Converse_com_nossos_consultores_e_solicite_um_orcamento\"><\/span>Converse com nossos consultores e solicite um or\u00e7amento!<span class=\"ez-toc-section-end\"><\/span><\/h3>\n\n\n\n<p>A CPR Embalagens tem uma equipe de consultores experientes que est\u00e3o qualificados para ajud\u00e1-lo a encontrar a manga de PVC retr\u00e1til certa para suas necessidades.<\/p>\n\n\n\n<p><a href=\"https:\/\/www.cprembalagens.com.br\/contato\" target=\"_blank\" rel=\"noreferrer noopener\">Entre em contato<\/a> conosco hoje mesmo para solicitar um or\u00e7amento!<\/p>\n\n\n\n<p>Gostou desse conte\u00fado? Acesse nosso <a href=\"https:\/\/www.cprembalagens.com.br\/blog\" target=\"_blank\" rel=\"noreferrer noopener\">blog<\/a> e leia mais artigos como esse!<\/p>\n\n\n\n<ul class=\"wp-block-list\">\n<li><a href=\"https:\/\/cprembalagens.com.br\/blog\/lacre-pet-termo-retratil-o-que-e-e-para-o-que-serve\/\">Lacre PET termo retr\u00e1til: o que \u00e9 e para o que serve?<\/a><\/li>\n<\/ul>\n","protected":false},"excerpt":{"rendered":"<p><span class=\"rt-reading-time\" style=\"display: block;\"><span class=\"rt-label rt-prefix\">Tempo de leitura: <\/span> <span class=\"rt-time\">2<\/span> <span class=\"rt-label rt-postfix\">minutos<\/span><\/span> A manga de PVC retr\u00e1til \u00e9 um tipo de embalagem que \u00e9 feita de um filme de PVC que \u00e9 aquecido e depois retra\u00eddo para envolver o produto a ser embalado. Essa embalagem \u00e9 muito vers\u00e1til e pode ser usada para uma variedade de produtos, desde alimentos e bebidas at\u00e9 eletrodom\u00e9sticos e m\u00f3veis. Quando falamos &hellip; <\/p>\n","protected":false},"author":1,"featured_media":48,"comment_status":"open","ping_status":"open","sticky":false,"template":"","format":"standard","meta":{"footnotes":""},"categories":[245],"tags":[257,256,259,258,249,248,251,250,253,252,255,254,273,269,285,271,283,265,263,267,279,281,275,261,277,272,268,284,270,282,264,262,266,278,280,274,260,276,247,246],"class_list":["post-47","post","type-post","status-publish","format-standard","has-post-thumbnail","hentry","category-manga-de-pvc","tag-distribuidor-de-manga-de-pvc-dupla-termo-retratil-mono-orientado","tag-distribuidor-de-manga-de-pvc-retratil","tag-distribuidora-de-manga-de-pvc-dupla-termo-retratil-mono-orientado","tag-distribuidora-de-manga-de-pvc-retratil","tag-empresa-de-manga-de-pvc-dupla-termo-retratil-mono-orientado","tag-empresa-de-manga-de-pvc-retratil","tag-fabrica-de-manga-de-pvc-dupla-termo-retratil-mono-orientado","tag-fabrica-de-manga-de-pvc-retratil","tag-fabricante-de-manga-de-pvc-dupla-termo-retratil-mono-orientado","tag-fabricante-de-manga-de-pvc-retratil","tag-fornecedor-de-manga-de-pvc-dupla-termo-retratil-mono-orientado","tag-fornecedor-de-manga-de-pvc-retratil","tag-manga-de-pvc-dupla-termo-retratil-mono-orientado-direto-da-fabrica","tag-manga-de-pvc-dupla-termo-retratil-mono-orientado-em-embu-das-artes","tag-manga-de-pvc-dupla-termo-retratil-mono-orientado-em-interlagos","tag-manga-de-pvc-dupla-termo-retratil-mono-orientado-em-promocao","tag-manga-de-pvc-dupla-termo-retratil-mono-orientado-em-santo-amaro","tag-manga-de-pvc-dupla-termo-retratil-mono-orientado-em-sao-paulo","tag-manga-de-pvc-dupla-termo-retratil-mono-orientado-em-sp","tag-manga-de-pvc-dupla-termo-retratil-mono-orientado-em-taboao-da-serra","tag-manga-de-pvc-dupla-termo-retratil-mono-orientado-na-zona-sul","tag-manga-de-pvc-dupla-termo-retratil-mono-orientado-no-capao-redondo","tag-manga-de-pvc-dupla-termo-retratil-mono-orientado-perto-de-mim","tag-manga-de-pvc-dupla-termo-retratil-mono-orientado-preco","tag-manga-de-pvc-dupla-termo-retratil-mono-orientado-proximo-a-mim","tag-manga-de-pvc-retratil-direto-da-fabrica","tag-manga-de-pvc-retratil-em-embu-das-artes","tag-manga-de-pvc-retratil-em-interlagos","tag-manga-de-pvc-retratil-em-promocao","tag-manga-de-pvc-retratil-em-santo-amaro","tag-manga-de-pvc-retratil-em-sao-paulo","tag-manga-de-pvc-retratil-em-sp","tag-manga-de-pvc-retratil-em-taboao-da-serra","tag-manga-de-pvc-retratil-na-zona-sul","tag-manga-de-pvc-retratil-no-capao-redondo","tag-manga-de-pvc-retratil-perto-de-mim","tag-manga-de-pvc-retratil-preco","tag-manga-de-pvc-retratil-proximo-a-mim","tag-onde-encontrar-manga-de-pvc-dupla-termo-retratil-mono-orientado","tag-onde-encontrar-manga-de-pvc-retratil","latest_post"],"yoast_head":"<!-- This site is optimized with the Yoast SEO plugin v21.2 - https:\/\/yoast.com\/wordpress\/plugins\/seo\/ -->\n<title>Manga de PVC retr\u00e1til: o que \u00e9 e quais suas aplica\u00e7\u00f5es - CPR Embalagens<\/title>\n<meta name=\"description\" content=\"Escolher uma manga de PVC retr\u00e1til \u00e9 a garantia de prote\u00e7\u00e3o para seus produtos dentro das embalagens. Saiba mais em nosso blog!\" \/>\n<meta name=\"robots\" content=\"index, follow, max-snippet:-1, max-image-preview:large, max-video-preview:-1\" \/>\n<link rel=\"canonical\" href=\"https:\/\/cprembalagens.com.br\/blog\/manga-de-pvc-retratil-o-que-e-e-quais-suas-aplicacoes\/\" \/>\n<meta property=\"og:locale\" content=\"pt_BR\" \/>\n<meta property=\"og:type\" content=\"article\" \/>\n<meta property=\"og:title\" content=\"Manga de PVC retr\u00e1til: o que \u00e9 e quais suas aplica\u00e7\u00f5es - CPR Embalagens\" \/>\n<meta property=\"og:description\" content=\"Escolher uma manga de PVC retr\u00e1til \u00e9 a garantia de prote\u00e7\u00e3o para seus produtos dentro das embalagens. Saiba mais em nosso blog!\" \/>\n<meta property=\"og:url\" content=\"https:\/\/cprembalagens.com.br\/blog\/manga-de-pvc-retratil-o-que-e-e-quais-suas-aplicacoes\/\" \/>\n<meta property=\"og:site_name\" content=\"CPR Embalagens\" \/>\n<meta property=\"article:published_time\" content=\"2023-11-17T18:11:15+00:00\" \/>\n<meta property=\"article:modified_time\" content=\"2025-01-22T12:43:17+00:00\" \/>\n<meta property=\"og:image\" content=\"https:\/\/cprembalagens.com.br\/blog\/wp-content\/uploads\/2023\/11\/fpdl.in_rolos-de-revestimento-transparente-de-perto_266732-24992_normal.jpg\" \/>\n\t<meta property=\"og:image:width\" content=\"626\" \/>\n\t<meta property=\"og:image:height\" content=\"417\" \/>\n\t<meta property=\"og:image:type\" content=\"image\/jpeg\" \/>\n<meta name=\"author\" content=\"admin\" \/>\n<meta name=\"twitter:card\" content=\"summary_large_image\" \/>\n<meta name=\"twitter:label1\" content=\"Escrito por\" \/>\n\t<meta name=\"twitter:data1\" content=\"admin\" \/>\n\t<meta name=\"twitter:label2\" content=\"Est. tempo de leitura\" \/>\n\t<meta name=\"twitter:data2\" content=\"3 minutos\" \/>\n<script type=\"application\/ld+json\" class=\"yoast-schema-graph\">{\"@context\":\"https:\/\/schema.org\",\"@graph\":[{\"@type\":\"Article\",\"@id\":\"https:\/\/cprembalagens.com.br\/blog\/manga-de-pvc-retratil-o-que-e-e-quais-suas-aplicacoes\/#article\",\"isPartOf\":{\"@id\":\"https:\/\/cprembalagens.com.br\/blog\/manga-de-pvc-retratil-o-que-e-e-quais-suas-aplicacoes\/\"},\"author\":{\"name\":\"admin\",\"@id\":\"https:\/\/cprembalagens.com.br\/blog\/#\/schema\/person\/295d9936f0e92d13351b4b3b044017f2\"},\"headline\":\"Manga de PVC retr\u00e1til: o que \u00e9 e quais suas aplica\u00e7\u00f5es\",\"datePublished\":\"2023-11-17T18:11:15+00:00\",\"dateModified\":\"2025-01-22T12:43:17+00:00\",\"mainEntityOfPage\":{\"@id\":\"https:\/\/cprembalagens.com.br\/blog\/manga-de-pvc-retratil-o-que-e-e-quais-suas-aplicacoes\/\"},\"wordCount\":508,\"commentCount\":0,\"publisher\":{\"@id\":\"https:\/\/cprembalagens.com.br\/blog\/#organization\"},\"keywords\":[\"Distribuidor de Manga de PVC dupla termo retr\u00e1til mono orientado\",\"Distribuidor de Manga de PVC retr\u00e1til\",\"Distribuidora de Manga de PVC dupla termo retr\u00e1til mono orientado\",\"Distribuidora de Manga de PVC retr\u00e1til\",\"Empresa de Manga de PVC dupla termo retr\u00e1til mono orientado\",\"Empresa de Manga de PVC retr\u00e1til\",\"F\u00e1brica de Manga de PVC dupla termo retr\u00e1til mono orientado\",\"F\u00e1brica de Manga de PVC retr\u00e1til\",\"Fabricante de Manga de PVC dupla termo retr\u00e1til mono orientado\",\"Fabricante de Manga de PVC retr\u00e1til\",\"Fornecedor de Manga de PVC dupla termo retr\u00e1til mono orientado\",\"Fornecedor de Manga de PVC retr\u00e1til\",\"Manga de PVC dupla termo retr\u00e1til mono orientado direto da f\u00e1brica\",\"Manga de PVC dupla termo retr\u00e1til mono orientado em Embu das Artes\",\"Manga de PVC dupla termo retr\u00e1til mono orientado em Interlagos\",\"Manga de PVC dupla termo retr\u00e1til mono orientado em promo\u00e7\u00e3o\",\"Manga de PVC dupla termo retr\u00e1til mono orientado em Santo Amaro\",\"Manga de PVC dupla termo retr\u00e1til mono orientado em S\u00e3o Paulo\",\"Manga de PVC dupla termo retr\u00e1til mono orientado em SP\",\"Manga de PVC dupla termo retr\u00e1til mono orientado em Tabo\u00e3o da Serra\",\"Manga de PVC dupla termo retr\u00e1til mono orientado na zona sul\",\"Manga de PVC dupla termo retr\u00e1til mono orientado no Cap\u00e3o Redondo\",\"Manga de PVC dupla termo retr\u00e1til mono orientado perto de mim\",\"Manga de PVC dupla termo retr\u00e1til mono orientado pre\u00e7o\",\"Manga de PVC dupla termo retr\u00e1til mono orientado pr\u00f3ximo a mim\",\"Manga de PVC retr\u00e1til direto da f\u00e1brica\",\"Manga de PVC retr\u00e1til em Embu das Artes\",\"Manga de PVC retr\u00e1til em Interlagos\",\"Manga de PVC retr\u00e1til em promo\u00e7\u00e3o\",\"Manga de PVC retr\u00e1til em Santo Amaro\",\"Manga de PVC retr\u00e1til em S\u00e3o Paulo\",\"Manga de PVC retr\u00e1til em SP\",\"Manga de PVC retr\u00e1til em Tabo\u00e3o da Serra\",\"Manga de PVC retr\u00e1til na zona sul\",\"Manga de PVC retr\u00e1til no Cap\u00e3o Redondo\",\"Manga de PVC retr\u00e1til perto de mim\",\"Manga de PVC retr\u00e1til pre\u00e7o\",\"Manga de PVC retr\u00e1til pr\u00f3ximo a mim\",\"Onde encontrar Manga de PVC dupla termo retr\u00e1til mono orientado\",\"Onde encontrar Manga de PVC retr\u00e1til\"],\"articleSection\":[\"Manga de PVC\"],\"inLanguage\":\"pt-BR\",\"potentialAction\":[{\"@type\":\"CommentAction\",\"name\":\"Comment\",\"target\":[\"https:\/\/cprembalagens.com.br\/blog\/manga-de-pvc-retratil-o-que-e-e-quais-suas-aplicacoes\/#respond\"]}]},{\"@type\":\"WebPage\",\"@id\":\"https:\/\/cprembalagens.com.br\/blog\/manga-de-pvc-retratil-o-que-e-e-quais-suas-aplicacoes\/\",\"url\":\"https:\/\/cprembalagens.com.br\/blog\/manga-de-pvc-retratil-o-que-e-e-quais-suas-aplicacoes\/\",\"name\":\"Manga de PVC retr\u00e1til: o que \u00e9 e quais suas aplica\u00e7\u00f5es - CPR Embalagens\",\"isPartOf\":{\"@id\":\"https:\/\/cprembalagens.com.br\/blog\/#website\"},\"datePublished\":\"2023-11-17T18:11:15+00:00\",\"dateModified\":\"2025-01-22T12:43:17+00:00\",\"description\":\"Escolher uma manga de PVC retr\u00e1til \u00e9 a garantia de prote\u00e7\u00e3o para seus produtos dentro das embalagens. Saiba mais em nosso blog!\",\"breadcrumb\":{\"@id\":\"https:\/\/cprembalagens.com.br\/blog\/manga-de-pvc-retratil-o-que-e-e-quais-suas-aplicacoes\/#breadcrumb\"},\"inLanguage\":\"pt-BR\",\"potentialAction\":[{\"@type\":\"ReadAction\",\"target\":[\"https:\/\/cprembalagens.com.br\/blog\/manga-de-pvc-retratil-o-que-e-e-quais-suas-aplicacoes\/\"]}]},{\"@type\":\"BreadcrumbList\",\"@id\":\"https:\/\/cprembalagens.com.br\/blog\/manga-de-pvc-retratil-o-que-e-e-quais-suas-aplicacoes\/#breadcrumb\",\"itemListElement\":[{\"@type\":\"ListItem\",\"position\":1,\"name\":\"In\u00edcio\",\"item\":\"https:\/\/cprembalagens.com.br\/blog\/\"},{\"@type\":\"ListItem\",\"position\":2,\"name\":\"Manga de PVC retr\u00e1til: o que \u00e9 e quais suas aplica\u00e7\u00f5es\"}]},{\"@type\":\"WebSite\",\"@id\":\"https:\/\/cprembalagens.com.br\/blog\/#website\",\"url\":\"https:\/\/cprembalagens.com.br\/blog\/\",\"name\":\"CPR Embalagens\",\"description\":\"Blog - CPR Embalagens\",\"publisher\":{\"@id\":\"https:\/\/cprembalagens.com.br\/blog\/#organization\"},\"potentialAction\":[{\"@type\":\"SearchAction\",\"target\":{\"@type\":\"EntryPoint\",\"urlTemplate\":\"https:\/\/cprembalagens.com.br\/blog\/?s={search_term_string}\"},\"query-input\":\"required name=search_term_string\"}],\"inLanguage\":\"pt-BR\"},{\"@type\":\"Organization\",\"@id\":\"https:\/\/cprembalagens.com.br\/blog\/#organization\",\"name\":\"CPR Embalagens\",\"url\":\"https:\/\/cprembalagens.com.br\/blog\/\",\"logo\":{\"@type\":\"ImageObject\",\"inLanguage\":\"pt-BR\",\"@id\":\"https:\/\/cprembalagens.com.br\/blog\/#\/schema\/logo\/image\/\",\"url\":\"https:\/\/cprembalagens.com.br\/blog\/wp-content\/uploads\/2023\/10\/logo-1.webp\",\"contentUrl\":\"https:\/\/cprembalagens.com.br\/blog\/wp-content\/uploads\/2023\/10\/logo-1.webp\",\"width\":215,\"height\":84,\"caption\":\"CPR Embalagens\"},\"image\":{\"@id\":\"https:\/\/cprembalagens.com.br\/blog\/#\/schema\/logo\/image\/\"}},{\"@type\":\"Person\",\"@id\":\"https:\/\/cprembalagens.com.br\/blog\/#\/schema\/person\/295d9936f0e92d13351b4b3b044017f2\",\"name\":\"admin\",\"image\":{\"@type\":\"ImageObject\",\"inLanguage\":\"pt-BR\",\"@id\":\"https:\/\/cprembalagens.com.br\/blog\/#\/schema\/person\/image\/\",\"url\":\"https:\/\/secure.gravatar.com\/avatar\/3813f53848958b8842eeafda91666185a90010f65ed554379b78794cde6f234a?s=96&d=mm&r=g\",\"contentUrl\":\"https:\/\/secure.gravatar.com\/avatar\/3813f53848958b8842eeafda91666185a90010f65ed554379b78794cde6f234a?s=96&d=mm&r=g\",\"caption\":\"admin\"},\"sameAs\":[\"https:\/\/www.cprembalagens.com.br\/blog\"],\"url\":\"https:\/\/cprembalagens.com.br\/blog\/author\/admin\/\"}]}<\/script>\n<!-- \/ Yoast SEO plugin. -->","yoast_head_json":{"title":"Manga de PVC retr\u00e1til: o que \u00e9 e quais suas aplica\u00e7\u00f5es - CPR Embalagens","description":"Escolher uma manga de PVC retr\u00e1til \u00e9 a garantia de prote\u00e7\u00e3o para seus produtos dentro das embalagens. Saiba mais em nosso blog!","robots":{"index":"index","follow":"follow","max-snippet":"max-snippet:-1","max-image-preview":"max-image-preview:large","max-video-preview":"max-video-preview:-1"},"canonical":"https:\/\/cprembalagens.com.br\/blog\/manga-de-pvc-retratil-o-que-e-e-quais-suas-aplicacoes\/","og_locale":"pt_BR","og_type":"article","og_title":"Manga de PVC retr\u00e1til: o que \u00e9 e quais suas aplica\u00e7\u00f5es - CPR Embalagens","og_description":"Escolher uma manga de PVC retr\u00e1til \u00e9 a garantia de prote\u00e7\u00e3o para seus produtos dentro das embalagens. Saiba mais em nosso blog!","og_url":"https:\/\/cprembalagens.com.br\/blog\/manga-de-pvc-retratil-o-que-e-e-quais-suas-aplicacoes\/","og_site_name":"CPR Embalagens","article_published_time":"2023-11-17T18:11:15+00:00","article_modified_time":"2025-01-22T12:43:17+00:00","og_image":[{"width":626,"height":417,"url":"https:\/\/cprembalagens.com.br\/blog\/wp-content\/uploads\/2023\/11\/fpdl.in_rolos-de-revestimento-transparente-de-perto_266732-24992_normal.jpg","type":"image\/jpeg"}],"author":"admin","twitter_card":"summary_large_image","twitter_misc":{"Escrito por":"admin","Est. tempo de leitura":"3 minutos"},"schema":{"@context":"https:\/\/schema.org","@graph":[{"@type":"Article","@id":"https:\/\/cprembalagens.com.br\/blog\/manga-de-pvc-retratil-o-que-e-e-quais-suas-aplicacoes\/#article","isPartOf":{"@id":"https:\/\/cprembalagens.com.br\/blog\/manga-de-pvc-retratil-o-que-e-e-quais-suas-aplicacoes\/"},"author":{"name":"admin","@id":"https:\/\/cprembalagens.com.br\/blog\/#\/schema\/person\/295d9936f0e92d13351b4b3b044017f2"},"headline":"Manga de PVC retr\u00e1til: o que \u00e9 e quais suas aplica\u00e7\u00f5es","datePublished":"2023-11-17T18:11:15+00:00","dateModified":"2025-01-22T12:43:17+00:00","mainEntityOfPage":{"@id":"https:\/\/cprembalagens.com.br\/blog\/manga-de-pvc-retratil-o-que-e-e-quais-suas-aplicacoes\/"},"wordCount":508,"commentCount":0,"publisher":{"@id":"https:\/\/cprembalagens.com.br\/blog\/#organization"},"keywords":["Distribuidor de Manga de PVC dupla termo retr\u00e1til mono orientado","Distribuidor de Manga de PVC retr\u00e1til","Distribuidora de Manga de PVC dupla termo retr\u00e1til mono orientado","Distribuidora de Manga de PVC retr\u00e1til","Empresa de Manga de PVC dupla termo retr\u00e1til mono orientado","Empresa de Manga de PVC retr\u00e1til","F\u00e1brica de Manga de PVC dupla termo retr\u00e1til mono orientado","F\u00e1brica de Manga de PVC retr\u00e1til","Fabricante de Manga de PVC dupla termo retr\u00e1til mono orientado","Fabricante de Manga de PVC retr\u00e1til","Fornecedor de Manga de PVC dupla termo retr\u00e1til mono orientado","Fornecedor de Manga de PVC retr\u00e1til","Manga de PVC dupla termo retr\u00e1til mono orientado direto da f\u00e1brica","Manga de PVC dupla termo retr\u00e1til mono orientado em Embu das Artes","Manga de PVC dupla termo retr\u00e1til mono orientado em Interlagos","Manga de PVC dupla termo retr\u00e1til mono orientado em promo\u00e7\u00e3o","Manga de PVC dupla termo retr\u00e1til mono orientado em Santo Amaro","Manga de PVC dupla termo retr\u00e1til mono orientado em S\u00e3o Paulo","Manga de PVC dupla termo retr\u00e1til mono orientado em SP","Manga de PVC dupla termo retr\u00e1til mono orientado em Tabo\u00e3o da Serra","Manga de PVC dupla termo retr\u00e1til mono orientado na zona sul","Manga de PVC dupla termo retr\u00e1til mono orientado no Cap\u00e3o Redondo","Manga de PVC dupla termo retr\u00e1til mono orientado perto de mim","Manga de PVC dupla termo retr\u00e1til mono orientado pre\u00e7o","Manga de PVC dupla termo retr\u00e1til mono orientado pr\u00f3ximo a mim","Manga de PVC retr\u00e1til direto da f\u00e1brica","Manga de PVC retr\u00e1til em Embu das Artes","Manga de PVC retr\u00e1til em Interlagos","Manga de PVC retr\u00e1til em promo\u00e7\u00e3o","Manga de PVC retr\u00e1til em Santo Amaro","Manga de PVC retr\u00e1til em S\u00e3o Paulo","Manga de PVC retr\u00e1til em SP","Manga de PVC retr\u00e1til em Tabo\u00e3o da Serra","Manga de PVC retr\u00e1til na zona sul","Manga de PVC retr\u00e1til no Cap\u00e3o Redondo","Manga de PVC retr\u00e1til perto de mim","Manga de PVC retr\u00e1til pre\u00e7o","Manga de PVC retr\u00e1til pr\u00f3ximo a mim","Onde encontrar Manga de PVC dupla termo retr\u00e1til mono orientado","Onde encontrar Manga de PVC retr\u00e1til"],"articleSection":["Manga de PVC"],"inLanguage":"pt-BR","potentialAction":[{"@type":"CommentAction","name":"Comment","target":["https:\/\/cprembalagens.com.br\/blog\/manga-de-pvc-retratil-o-que-e-e-quais-suas-aplicacoes\/#respond"]}]},{"@type":"WebPage","@id":"https:\/\/cprembalagens.com.br\/blog\/manga-de-pvc-retratil-o-que-e-e-quais-suas-aplicacoes\/","url":"https:\/\/cprembalagens.com.br\/blog\/manga-de-pvc-retratil-o-que-e-e-quais-suas-aplicacoes\/","name":"Manga de PVC retr\u00e1til: o que \u00e9 e quais suas aplica\u00e7\u00f5es - CPR Embalagens","isPartOf":{"@id":"https:\/\/cprembalagens.com.br\/blog\/#website"},"datePublished":"2023-11-17T18:11:15+00:00","dateModified":"2025-01-22T12:43:17+00:00","description":"Escolher uma manga de PVC retr\u00e1til \u00e9 a garantia de prote\u00e7\u00e3o para seus produtos dentro das embalagens. Saiba mais em nosso blog!","breadcrumb":{"@id":"https:\/\/cprembalagens.com.br\/blog\/manga-de-pvc-retratil-o-que-e-e-quais-suas-aplicacoes\/#breadcrumb"},"inLanguage":"pt-BR","potentialAction":[{"@type":"ReadAction","target":["https:\/\/cprembalagens.com.br\/blog\/manga-de-pvc-retratil-o-que-e-e-quais-suas-aplicacoes\/"]}]},{"@type":"BreadcrumbList","@id":"https:\/\/cprembalagens.com.br\/blog\/manga-de-pvc-retratil-o-que-e-e-quais-suas-aplicacoes\/#breadcrumb","itemListElement":[{"@type":"ListItem","position":1,"name":"In\u00edcio","item":"https:\/\/cprembalagens.com.br\/blog\/"},{"@type":"ListItem","position":2,"name":"Manga de PVC retr\u00e1til: o que \u00e9 e quais suas aplica\u00e7\u00f5es"}]},{"@type":"WebSite","@id":"https:\/\/cprembalagens.com.br\/blog\/#website","url":"https:\/\/cprembalagens.com.br\/blog\/","name":"CPR Embalagens","description":"Blog - CPR Embalagens","publisher":{"@id":"https:\/\/cprembalagens.com.br\/blog\/#organization"},"potentialAction":[{"@type":"SearchAction","target":{"@type":"EntryPoint","urlTemplate":"https:\/\/cprembalagens.com.br\/blog\/?s={search_term_string}"},"query-input":"required name=search_term_string"}],"inLanguage":"pt-BR"},{"@type":"Organization","@id":"https:\/\/cprembalagens.com.br\/blog\/#organization","name":"CPR Embalagens","url":"https:\/\/cprembalagens.com.br\/blog\/","logo":{"@type":"ImageObject","inLanguage":"pt-BR","@id":"https:\/\/cprembalagens.com.br\/blog\/#\/schema\/logo\/image\/","url":"https:\/\/cprembalagens.com.br\/blog\/wp-content\/uploads\/2023\/10\/logo-1.webp","contentUrl":"https:\/\/cprembalagens.com.br\/blog\/wp-content\/uploads\/2023\/10\/logo-1.webp","width":215,"height":84,"caption":"CPR Embalagens"},"image":{"@id":"https:\/\/cprembalagens.com.br\/blog\/#\/schema\/logo\/image\/"}},{"@type":"Person","@id":"https:\/\/cprembalagens.com.br\/blog\/#\/schema\/person\/295d9936f0e92d13351b4b3b044017f2","name":"admin","image":{"@type":"ImageObject","inLanguage":"pt-BR","@id":"https:\/\/cprembalagens.com.br\/blog\/#\/schema\/person\/image\/","url":"https:\/\/secure.gravatar.com\/avatar\/3813f53848958b8842eeafda91666185a90010f65ed554379b78794cde6f234a?s=96&d=mm&r=g","contentUrl":"https:\/\/secure.gravatar.com\/avatar\/3813f53848958b8842eeafda91666185a90010f65ed554379b78794cde6f234a?s=96&d=mm&r=g","caption":"admin"},"sameAs":["https:\/\/www.cprembalagens.com.br\/blog"],"url":"https:\/\/cprembalagens.com.br\/blog\/author\/admin\/"}]}},"_links":{"self":[{"href":"https:\/\/cprembalagens.com.br\/blog\/wp-json\/wp\/v2\/posts\/47","targetHints":{"allow":["GET"]}}],"collection":[{"href":"https:\/\/cprembalagens.com.br\/blog\/wp-json\/wp\/v2\/posts"}],"about":[{"href":"https:\/\/cprembalagens.com.br\/blog\/wp-json\/wp\/v2\/types\/post"}],"author":[{"embeddable":true,"href":"https:\/\/cprembalagens.com.br\/blog\/wp-json\/wp\/v2\/users\/1"}],"replies":[{"embeddable":true,"href":"https:\/\/cprembalagens.com.br\/blog\/wp-json\/wp\/v2\/comments?post=47"}],"version-history":[{"count":2,"href":"https:\/\/cprembalagens.com.br\/blog\/wp-json\/wp\/v2\/posts\/47\/revisions"}],"predecessor-version":[{"id":290,"href":"https:\/\/cprembalagens.com.br\/blog\/wp-json\/wp\/v2\/posts\/47\/revisions\/290"}],"wp:featuredmedia":[{"embeddable":true,"href":"https:\/\/cprembalagens.com.br\/blog\/wp-json\/wp\/v2\/media\/48"}],"wp:attachment":[{"href":"https:\/\/cprembalagens.com.br\/blog\/wp-json\/wp\/v2\/media?parent=47"}],"wp:term":[{"taxonomy":"category","embeddable":true,"href":"https:\/\/cprembalagens.com.br\/blog\/wp-json\/wp\/v2\/categories?post=47"},{"taxonomy":"post_tag","embeddable":true,"href":"https:\/\/cprembalagens.com.br\/blog\/wp-json\/wp\/v2\/tags?post=47"}],"curies":[{"name":"wp","href":"https:\/\/api.w.org\/{rel}","templated":true}]}}