{"id":425,"date":"2025-09-30T17:27:28","date_gmt":"2025-09-30T17:27:28","guid":{"rendered":"https:\/\/cprembalagens.com.br\/blog\/?p=425"},"modified":"2025-09-30T17:28:34","modified_gmt":"2025-09-30T17:28:34","slug":"lacre-para-garrafao-de-20-litros-direto-do-fabricante","status":"publish","type":"post","link":"https:\/\/cprembalagens.com.br\/blog\/lacre-para-garrafao-de-20-litros-direto-do-fabricante\/","title":{"rendered":"Lacre para garraf\u00e3o de 20 litros direto do fabricante"},"content":{"rendered":"<span class=\"rt-reading-time\" style=\"display: block;\"><span class=\"rt-label rt-prefix\">Tempo de leitura: <\/span> <span class=\"rt-time\">4<\/span> <span class=\"rt-label rt-postfix\">minutos<\/span><\/span>\n<p class=\"has-medium-font-size\"><strong><em>Compre lacre para garraf\u00e3o de 20 litros direto da CPR Embalagens com qualidade, personaliza\u00e7\u00e3o e seguran\u00e7a garantida para sua marca.<\/em><\/strong><\/p>\n\n\n\n<p>O <strong>lacre para garraf\u00e3o de 20 litros<\/strong> \u00e9 um dos principais elementos de seguran\u00e7a para empresas que atuam em diversos segmentos. Ele garante que o produto chegue ao consumidor final intacto, preservando tanto a qualidade quanto a credibilidade da marca.<\/p>\n\n\n\n<p>Esse tipo de <strong>lacre de garrafa<\/strong> tem como objetivo principal evitar viola\u00e7\u00f5es, refor\u00e7ando a confian\u00e7a e assegurando que o garraf\u00e3o n\u00e3o foi manipulado ap\u00f3s o envase. Assim, al\u00e9m de atender \u00e0s exig\u00eancias legais, transmite ao consumidor a certeza de que est\u00e1 adquirindo um produto confi\u00e1vel.<\/p>\n\n\n\n<p>\u00c9 nesse contexto que a <strong>CPR Embalagens<\/strong> se destaca como refer\u00eancia nacional. Com experi\u00eancia consolidada e ampla capacidade produtiva, a empresa oferece solu\u00e7\u00f5es em lacres que unem tecnologia, qualidade e atendimento especializado para atender diferentes segmentos do mercado.<\/p>\n\n\n\n<p><a href=\"https:\/\/cprembalagens.com.br\/blog\/por-que-investir-no-pvc-termo-encolhivel-conheca-os-beneficios\/\">Por que investir no PVC termo encolh\u00edvel? Conhe\u00e7a os benef\u00edcios!<\/a><\/p>\n\n\n\n<div id=\"ez-toc-container\" class=\"ez-toc-v2_0_62 counter-hierarchy ez-toc-counter ez-toc-grey ez-toc-container-direction\">\n<div class=\"ez-toc-title-container\">\n<p class=\"ez-toc-title \" >T&oacute;picos do artigo<\/p>\n<span class=\"ez-toc-title-toggle\"><a href=\"#\" class=\"ez-toc-pull-right ez-toc-btn ez-toc-btn-xs ez-toc-btn-default ez-toc-toggle\" aria-label=\"Toggle Table of Content\"><span class=\"ez-toc-js-icon-con\"><span class=\"\"><span class=\"eztoc-hide\" style=\"display:none;\">Toggle<\/span><span class=\"ez-toc-icon-toggle-span\"><svg style=\"fill: #999;color:#999\" xmlns=\"http:\/\/www.w3.org\/2000\/svg\" class=\"list-377408\" width=\"20px\" height=\"20px\" viewBox=\"0 0 24 24\" fill=\"none\"><path d=\"M6 6H4v2h2V6zm14 0H8v2h12V6zM4 11h2v2H4v-2zm16 0H8v2h12v-2zM4 16h2v2H4v-2zm16 0H8v2h12v-2z\" fill=\"currentColor\"><\/path><\/svg><svg style=\"fill: #999;color:#999\" class=\"arrow-unsorted-368013\" xmlns=\"http:\/\/www.w3.org\/2000\/svg\" width=\"10px\" height=\"10px\" viewBox=\"0 0 24 24\" version=\"1.2\" baseProfile=\"tiny\"><path d=\"M18.2 9.3l-6.2-6.3-6.2 6.3c-.2.2-.3.4-.3.7s.1.5.3.7c.2.2.4.3.7.3h11c.3 0 .5-.1.7-.3.2-.2.3-.5.3-.7s-.1-.5-.3-.7zM5.8 14.7l6.2 6.3 6.2-6.3c.2-.2.3-.5.3-.7s-.1-.5-.3-.7c-.2-.2-.4-.3-.7-.3h-11c-.3 0-.5.1-.7.3-.2.2-.3.5-.3.7s.1.5.3.7z\"\/><\/svg><\/span><\/span><\/span><\/a><\/span><\/div>\n<nav><ul class='ez-toc-list ez-toc-list-level-1 ' ><li class='ez-toc-page-1 ez-toc-heading-level-2'><a class=\"ez-toc-link ez-toc-heading-1\" href=\"https:\/\/cprembalagens.com.br\/blog\/lacre-para-garrafao-de-20-litros-direto-do-fabricante\/#CPR_Embalagens_fabricante_de_lacres_com_qualidade_garantida\" title=\"CPR Embalagens: fabricante de lacres com qualidade garantida\">CPR Embalagens: fabricante de lacres com qualidade garantida<\/a><\/li><li class='ez-toc-page-1 ez-toc-heading-level-2'><a class=\"ez-toc-link ez-toc-heading-2\" href=\"https:\/\/cprembalagens.com.br\/blog\/lacre-para-garrafao-de-20-litros-direto-do-fabricante\/#Tipos_de_lacre_termoencolhivel_oferecidos_pela_CPR\" title=\"Tipos de lacre termoencolh\u00edvel oferecidos pela CPR\">Tipos de lacre termoencolh\u00edvel oferecidos pela CPR<\/a><\/li><li class='ez-toc-page-1 ez-toc-heading-level-2'><a class=\"ez-toc-link ez-toc-heading-3\" href=\"https:\/\/cprembalagens.com.br\/blog\/lacre-para-garrafao-de-20-litros-direto-do-fabricante\/#Aplicacoes_do_lacre_termoencolhivel_no_mercado\" title=\"Aplica\u00e7\u00f5es do lacre termoencolh\u00edvel no mercado\">Aplica\u00e7\u00f5es do lacre termoencolh\u00edvel no mercado<\/a><\/li><li class='ez-toc-page-1 ez-toc-heading-level-2'><a class=\"ez-toc-link ez-toc-heading-4\" href=\"https:\/\/cprembalagens.com.br\/blog\/lacre-para-garrafao-de-20-litros-direto-do-fabricante\/#Por_que_comprar_direto_do_fabricante_de_lacres_faz_diferenca\" title=\"Por que comprar direto do fabricante de lacres faz diferen\u00e7a\">Por que comprar direto do fabricante de lacres faz diferen\u00e7a<\/a><\/li><li class='ez-toc-page-1 ez-toc-heading-level-2'><a class=\"ez-toc-link ez-toc-heading-5\" href=\"https:\/\/cprembalagens.com.br\/blog\/lacre-para-garrafao-de-20-litros-direto-do-fabricante\/#CPR_Embalagens_como_fornecedor_de_lacres_termoencolhiveis\" title=\"CPR Embalagens como fornecedor de lacres termoencolh\u00edveis\">CPR Embalagens como fornecedor de lacres termoencolh\u00edveis<\/a><\/li><li class='ez-toc-page-1 ez-toc-heading-level-2'><a class=\"ez-toc-link ez-toc-heading-6\" href=\"https:\/\/cprembalagens.com.br\/blog\/lacre-para-garrafao-de-20-litros-direto-do-fabricante\/#Lacre_para_garrafao_de_20_litros_CPR_seguranca_e_credibilidade_para_sua_marca\" title=\"Lacre para garraf\u00e3o de 20 litros CPR: seguran\u00e7a e credibilidade para sua marca\">Lacre para garraf\u00e3o de 20 litros CPR: seguran\u00e7a e credibilidade para sua marca<\/a><\/li><\/ul><\/nav><\/div>\n<h2 class=\"wp-block-heading\"><span class=\"ez-toc-section\" id=\"CPR_Embalagens_fabricante_de_lacres_com_qualidade_garantida\"><\/span><strong>CPR Embalagens: fabricante de lacres com qualidade garantida<\/strong><span class=\"ez-toc-section-end\"><\/span><\/h2>\n\n\n<div class=\"wp-block-image\">\n<figure class=\"alignright size-full is-resized\"><img decoding=\"async\" width=\"1000\" height=\"715\" src=\"https:\/\/cprembalagens.com.br\/blog\/wp-content\/uploads\/2025\/09\/8492-1.jpg\" alt=\"\" class=\"wp-image-427\" style=\"width:366px;height:auto\" srcset=\"https:\/\/cprembalagens.com.br\/blog\/wp-content\/uploads\/2025\/09\/8492-1.jpg 1000w, https:\/\/cprembalagens.com.br\/blog\/wp-content\/uploads\/2025\/09\/8492-1-300x215.jpg 300w, https:\/\/cprembalagens.com.br\/blog\/wp-content\/uploads\/2025\/09\/8492-1-768x549.jpg 768w, https:\/\/cprembalagens.com.br\/blog\/wp-content\/uploads\/2025\/09\/8492-1-84x60.jpg 84w\" sizes=\"(max-width: 1000px) 100vw, 1000px\" \/><\/figure>\n<\/div>\n\n\n<p>A <strong>CPR Embalagens<\/strong> \u00e9 uma empresa 100% brasileira, fundada em 2008, mas com s\u00f3cios que j\u00e1 atuavam h\u00e1 mais de 15 anos no setor de embalagens pl\u00e1sticas. Essa trajet\u00f3ria s\u00f3lida a tornou uma das pioneiras na<strong> fabrica\u00e7\u00e3o de lacre termoencolh\u00edvel<\/strong> no Brasil, com diferenciais que se refletem na inova\u00e7\u00e3o e na confiabilidade de seus produtos.<\/p>\n\n\n\n<p>O compromisso da empresa vai al\u00e9m da<strong> produ\u00e7\u00e3o em larga escala. <\/strong>Ela investe continuamente em tecnologia de ponta, processos modernos e r\u00edgido controle de qualidade, garantindo que cada <strong>lacre de garrafa<\/strong> atenda \u00e0s normas de seguran\u00e7a e aos padr\u00f5es exigidos pelo mercado. Essa dedica\u00e7\u00e3o faz da <strong>CPR <\/strong>um parceiro estrat\u00e9gico para ind\u00fastrias e distribuidoras.<\/p>\n\n\n\n<p>Outro ponto de destaque \u00e9 a <strong>capacidade de produ\u00e7\u00e3o<\/strong> que alcan\u00e7a at\u00e9 55 toneladas de filme e lacres por m\u00eas. Isso possibilita atender tanto empresas de menor porte quanto grandes opera\u00e7\u00f5es, mantendo prazos de entrega confi\u00e1veis e oferecendo flexibilidade para diferentes volumes de pedidos.<\/p>\n\n\n\n<p><a href=\"https:\/\/cprembalagens.com.br\/blog\/como-o-lacre-termo-encolhivel-protege-seu-produto\/\">Como o lacre termo encolh\u00edvel protege seu produto<\/a><\/p>\n\n\n\n<h2 class=\"wp-block-heading\"><span class=\"ez-toc-section\" id=\"Tipos_de_lacre_termoencolhivel_oferecidos_pela_CPR\"><\/span><strong>Tipos de lacre termoencolh\u00edvel oferecidos pela CPR<\/strong><span class=\"ez-toc-section-end\"><\/span><\/h2>\n\n\n\n<p>O <strong>lacre termoencolh\u00edvel<\/strong> \u00e9 fabricado em PVC ou PET, materiais que possuem a propriedade de se contrair ao serem submetidos ao calor. Esse processo garante que o lacre se adapte perfeitamente ao gargalo do garraf\u00e3o, impedindo viola\u00e7\u00f5es e protegendo o produto de contamina\u00e7\u00f5es externas.<\/p>\n\n\n\n<p>Dentro dessa categoria, a <strong>CPR Embalagens<\/strong> oferece diversas op\u00e7\u00f5es de modelos, cada um pensado para atender \u00e0s diferentes demandas do mercado:<\/p>\n\n\n\n<ul class=\"wp-block-list\">\n<li>Lacre sem impress\u00e3o cortado<\/li>\n\n\n\n<li>Lacre sem impress\u00e3o em bobina<\/li>\n\n\n\n<li>Lacre com impress\u00e3o personalizada<\/li>\n\n\n\n<li><strong>Lacre termoencolh\u00edvel personalizado<\/strong> com logotipo ou informa\u00e7\u00f5es da empresa<\/li>\n\n\n\n<li>Lacre PET termo retr\u00e1til de alto encolhimento<\/li>\n<\/ul>\n\n\n\n<p>Essas varia\u00e7\u00f5es permitem que cada cliente escolha a solu\u00e7\u00e3o ideal para o seu neg\u00f3cio, seja com lacres gen\u00e9ricos para grandes volumes ou modelos personalizados que refor\u00e7am a identidade visual da marca. Independentemente do formato, todos os lacres mant\u00eam o<strong> padr\u00e3o de qualidade e seguran\u00e7a que caracterizam a CPR.<\/strong><\/p>\n\n\n\n<p><a href=\"https:\/\/cprembalagens.com.br\/blog\/como-escolher-o-lacre-termo-retratil-sem-errar\/\">Como escolher o lacre termo retr\u00e1til sem errar<\/a><\/p>\n\n\n\n<h2 class=\"wp-block-heading\"><span class=\"ez-toc-section\" id=\"Aplicacoes_do_lacre_termoencolhivel_no_mercado\"><\/span><strong>Aplica\u00e7\u00f5es do lacre termoencolh\u00edvel no mercado<\/strong><span class=\"ez-toc-section-end\"><\/span><\/h2>\n\n\n\n<p>O lacre para garraf\u00e3o de 20 litros tem aplica\u00e7\u00f5es diretas em diversos setores, sendo essencial principalmente para<strong> ind\u00fastrias e distribuidoras de \u00e1gua mineral.<\/strong> Ele \u00e9 um item obrigat\u00f3rio para garantir que o produto chegue ao cliente final sem qualquer risco de viola\u00e7\u00e3o.<\/p>\n\n\n\n<p>Al\u00e9m do <strong>segmento de bebidas<\/strong>, empresas de envase e de distribui\u00e7\u00e3o de garraf\u00f5es utilizam o lacre termoencolh\u00edvel como forma de assegurar credibilidade no mercado. O uso do lacre agrega valor ao produto final, tornando-o mais competitivo e transmitindo maior seguran\u00e7a ao consumidor.<\/p>\n\n\n\n<p>No <strong>com\u00e9rcio atacadista,<\/strong> os lacres tamb\u00e9m desempenham papel importante ao garantir a integridade dos garraf\u00f5es comercializados em grande escala. Isso fortalece a rela\u00e7\u00e3o entre distribuidores, varejistas e consumidores, criando um ciclo de confian\u00e7a que valoriza a marca e diferencia a empresa da concorr\u00eancia.<\/p>\n\n\n\n<p><a href=\"https:\/\/cprembalagens.com.br\/blog\/lacre-termo-encolhivel-sem-impressao-em-bobina-beneficios-e-aplicacoes\/\">Lacre termo encolh\u00edvel sem impress\u00e3o em bobina: benef\u00edcios e aplica\u00e7\u00f5es<\/a><\/p>\n\n\n\n<h2 class=\"wp-block-heading\"><span class=\"ez-toc-section\" id=\"Por_que_comprar_direto_do_fabricante_de_lacres_faz_diferenca\"><\/span><strong>Por que comprar direto do fabricante de lacres faz diferen\u00e7a<\/strong><span class=\"ez-toc-section-end\"><\/span><\/h2>\n\n\n\n<p>Comprar <strong>lacre para garraf\u00e3o de 20 litros<\/strong> direto de um <strong>fabricante de lacres<\/strong> \u00e9 uma decis\u00e3o estrat\u00e9gica que gera ganhos significativos em pre\u00e7o, qualidade e confiabilidade. Diferente de aquisi\u00e7\u00f5es intermediadas, a negocia\u00e7\u00e3o direta permite acesso a produtos de alto padr\u00e3o e atendimento mais personalizado.<\/p>\n\n\n\n<p>Entre as principais vantagens de comprar direto do fabricante, destacam-se:<\/p>\n\n\n\n<ul class=\"wp-block-list\">\n<li><strong>Pre\u00e7o mais competitivo:<\/strong> elimina\u00e7\u00e3o de intermedi\u00e1rios e melhores condi\u00e7\u00f5es comerciais.<\/li>\n\n\n\n<li><strong>Controle de qualidade rigoroso:<\/strong> cada lote \u00e9 produzido sob supervis\u00e3o t\u00e9cnica especializada.<\/li>\n\n\n\n<li><strong>Prazos de entrega confi\u00e1veis:<\/strong> produ\u00e7\u00e3o pr\u00f3pria que garante previsibilidade nas entregas.<\/li>\n\n\n\n<li><strong>Flexibilidade de pedidos:<\/strong> possibilidade de adquirir desde pequenas at\u00e9 grandes tiragens.<\/li>\n\n\n\n<li><strong>Personaliza\u00e7\u00e3o sob medida:<\/strong> desenvolvimento de lacre termoencolh\u00edvel personalizado com logotipo ou informa\u00e7\u00f5es espec\u00edficas da empresa.<\/li>\n<\/ul>\n\n\n\n<p>Esses benef\u00edcios fazem toda a diferen\u00e7a para empresas de envase e distribui\u00e7\u00e3o que buscam n\u00e3o apenas um produto eficiente, mas tamb\u00e9m um parceiro confi\u00e1vel para o crescimento de seus neg\u00f3cios.<\/p>\n\n\n\n<p><a href=\"https:\/\/cprembalagens.com.br\/blog\/como-usar-lacre\/\">Lacre termoencolh\u00edvel: como usar de forma eficiente<\/a><\/p>\n\n\n\n<h2 class=\"wp-block-heading\"><span class=\"ez-toc-section\" id=\"CPR_Embalagens_como_fornecedor_de_lacres_termoencolhiveis\"><\/span><strong>CPR Embalagens como fornecedor de lacres termoencolh\u00edveis<\/strong><span class=\"ez-toc-section-end\"><\/span><\/h2>\n\n\n\n<p>A CPR se consolidou como um <strong>fornecedor de lacres termoencolh\u00edveis<\/strong> que vai al\u00e9m da entrega de produtos. Seu diferencial est\u00e1 no atendimento consultivo, que busca entender as necessidades espec\u00edficas de cada cliente e propor solu\u00e7\u00f5es sob medida.<\/p>\n\n\n\n<p>A empresa construiu<strong> parcerias s\u00f3lidas com ind\u00fastrias e distribuidoras<\/strong> em diversas regi\u00f5es do Brasil, fornecendo n\u00e3o apenas lacres, mas tamb\u00e9m confian\u00e7a e seguran\u00e7a para toda a cadeia de valor. Esse relacionamento de longo prazo \u00e9 sustentado por comprometimento e resultados consistentes.<\/p>\n\n\n\n<p>Outro aspecto relevante \u00e9 o investimento cont\u00ednuo em inova\u00e7\u00e3o e em melhorias nos processos produtivos. Isso garante que a CPR se mantenha sempre alinhada \u00e0s exig\u00eancias do mercado e preparada para oferecer solu\u00e7\u00f5es que unem praticidade, qualidade e competitividade.<\/p>\n\n\n\n<p><a href=\"https:\/\/cprembalagens.com.br\/blog\/como-aplicar-lacre-termoencolhivel\/\">Como aplicar lacre termoencolh\u00edvel de forma eficiente com a CPR<\/a><\/p>\n\n\n\n<h2 class=\"wp-block-heading\"><span class=\"ez-toc-section\" id=\"Lacre_para_garrafao_de_20_litros_CPR_seguranca_e_credibilidade_para_sua_marca\"><\/span><strong>Lacre para garraf\u00e3o de 20 litros CPR: seguran\u00e7a e credibilidade para sua marca<\/strong><span class=\"ez-toc-section-end\"><\/span><\/h2>\n\n\n\n<p>Os lacres desenvolvidos pela CPR Embalagens garantem a m\u00e1xima prote\u00e7\u00e3o para o envase de \u00e1gua mineral, assegurando que cada garraf\u00e3o de 20 litros chegue ao consumidor final com total seguran\u00e7a. Al\u00e9m de proteger contra viola\u00e7\u00f5es, o <strong>lacre de garrafa<\/strong> tamb\u00e9m valoriza a marca, transmitindo profissionalismo e confian\u00e7a.<\/p>\n\n\n\n<p>Seja com lacres gen\u00e9ricos ou com <strong>lacre termoencolh\u00edvel personalizado<\/strong>, a CPR oferece solu\u00e7\u00f5es que atendem empresas de diferentes portes e necessidades. Essa versatilidade, somada \u00e0 qualidade e \u00e0 credibilidade da marca, faz com que a CPR seja refer\u00eancia no setor.<\/p>\n\n\n\n<p>Se voc\u00ea busca um <strong>fornecedor de lacres termoencolh\u00edveis<\/strong> confi\u00e1vel, entre em contato com a CPR Embalagens e solicite um or\u00e7amento. <strong>Acesse:<\/strong><a href=\"https:\/\/cprembalagens.com.br\/contato\"><strong> <\/strong><strong>https:\/\/cprembalagens.com.br\/contato<\/strong><\/a><strong>. Garanta agora mesmo seguran\u00e7a, qualidade e diferencial competitivo para o seu neg\u00f3cio.<\/strong><\/p>\n\n\n\n<p><\/p>\n","protected":false},"excerpt":{"rendered":"<p><span class=\"rt-reading-time\" style=\"display: block;\"><span class=\"rt-label rt-prefix\">Tempo de leitura: <\/span> <span class=\"rt-time\">4<\/span> <span class=\"rt-label rt-postfix\">minutos<\/span><\/span> Compre lacre para garraf\u00e3o de 20 litros direto da CPR Embalagens com qualidade, personaliza\u00e7\u00e3o e seguran\u00e7a garantida para sua marca. O lacre para garraf\u00e3o de 20 litros \u00e9 um dos principais elementos de seguran\u00e7a para empresas que atuam em diversos segmentos. Ele garante que o produto chegue ao consumidor final intacto, preservando tanto a qualidade &hellip; <\/p>\n","protected":false},"author":1,"featured_media":426,"comment_status":"open","ping_status":"open","sticky":false,"template":"","format":"standard","meta":{"footnotes":""},"categories":[3],"tags":[1318,2351,2718,2671,2675,2719,2666,2676,2514,788,2759,2765,2761,2755,2762,2764,2763,2747,2746,2751,2757,2750,2758,2754,2752,2760,2756,2753,2745,2748,2749,2677,1223,2667,1938,2712,2710,2669,2715,1397,2672,2664,2680,2684,2696,2702,2698,2692,2699,2701,2700,2683,2682,2688,2694,2687,2695,2691,2689,2697,2693,2690,2679,2685,2681,2686,2703,2716,2668,2503,2722,2704,2726,2738,2744,2740,2734,2741,2743,2742,2725,2724,2730,2736,2729,2737,2733,2731,2739,2735,2732,2721,2727,2723,2728,2673,1353,2356,2665,2708,1907,2678,2720,2353,2705,2674,2711,2670,2707,2713,2714,2709,2706,2717],"class_list":["post-425","post","type-post","status-publish","format-standard","has-post-thumbnail","hentry","category-lacres","tag-como-aplicar-lacre-termoencolhivel","tag-como-funciona-o-lacre-termoencolhivel","tag-como-identificar-lacre-de-qualidade","tag-distribuidor-de-lacre-de-garrafa","tag-fabrica-de-lacre-para-garrafao-20-litros","tag-fabrica-de-lacre-termo-retratil","tag-fabricante-de-lacre-de-garrafa","tag-fabricante-de-lacre-para-garrafao-20-litros","tag-fabricante-de-lacre-termo-retratil","tag-fabricante-de-lacres-de-pvc","tag-fabricante-de-lacres-em-campo-limpo","tag-fabricante-de-lacres-em-carapicuiba","tag-fabricante-de-lacres-em-embu-das-artes","tag-fabricante-de-lacres-em-ermelino-matarazzo","tag-fabricante-de-lacres-em-guarulhos","tag-fabricante-de-lacres-em-osasco","tag-fabricante-de-lacres-em-pinheiros","tag-fabricante-de-lacres-em-sao-paulo","tag-fabricante-de-lacres-em-sp","tag-fabricante-de-lacres-em-taboao-da-serra","tag-fabricante-de-lacres-na-vila-suzana","tag-fabricante-de-lacres-na-zona-leste","tag-fabricante-de-lacres-na-zona-norte","tag-fabricante-de-lacres-na-zona-oeste","tag-fabricante-de-lacres-na-zona-sul","tag-fabricante-de-lacres-no-abc","tag-fabricante-de-lacres-no-centro","tag-fabricante-de-lacres-no-jardim-barbacena","tag-fabricante-de-lacres-onde-encontrar","tag-fabricante-de-lacres-perto-de-mim","tag-fabricante-de-lacres-proximo-a-mim","tag-fornecedor-de-lacre-para-garrafao-20-litros","tag-fornecedor-de-lacre-termo-retratil","tag-fornecedor-de-lacres-para-agua-mineral","tag-fornecedor-de-lacres-personalizados","tag-lacre-de-garrafa-garante-seguranca","tag-lacre-de-garrafao-20-litros-e-obrigatorio","tag-lacre-de-garrafao-20l-direto-da-fabrica","tag-lacre-de-pvc-ou-pet-qual-escolher","tag-lacre-de-pvc-termo-encolhivel","tag-lacre-de-seguranca-para-garrafao","tag-lacre-para-garrafao-20-litros","tag-lacre-para-garrafao-20-litros-comprar","tag-lacre-para-garrafao-20-litros-direto-da-fabrica","tag-lacre-para-garrafao-20-litros-em-campo-limpo","tag-lacre-para-garrafao-20-litros-em-carapicuiba","tag-lacre-para-garrafao-20-litros-em-embu-das-artes","tag-lacre-para-garrafao-20-litros-em-ermelino-matarazzo","tag-lacre-para-garrafao-20-litros-em-guarulhos","tag-lacre-para-garrafao-20-litros-em-osasco","tag-lacre-para-garrafao-20-litros-em-pinheiros","tag-lacre-para-garrafao-20-litros-em-sao-paulo","tag-lacre-para-garrafao-20-litros-em-sp","tag-lacre-para-garrafao-20-litros-em-taboao-da-serra","tag-lacre-para-garrafao-20-litros-na-vila-suzana","tag-lacre-para-garrafao-20-litros-na-zona-leste","tag-lacre-para-garrafao-20-litros-na-zona-norte","tag-lacre-para-garrafao-20-litros-na-zona-oeste","tag-lacre-para-garrafao-20-litros-na-zona-sul","tag-lacre-para-garrafao-20-litros-no-abc","tag-lacre-para-garrafao-20-litros-no-centro","tag-lacre-para-garrafao-20-litros-no-jardim-barbacena","tag-lacre-para-garrafao-20-litros-onde-encontrar","tag-lacre-para-garrafao-20-litros-perto-de-mim","tag-lacre-para-garrafao-20-litros-preco","tag-lacre-para-garrafao-20-litros-proximo-a-mim","tag-lacre-para-garrafao-de-agua-mineral","tag-lacre-personalizado-agrega-valor","tag-lacre-personalizado-para-garrafao","tag-lacre-termo-retratil","tag-lacre-termo-retratil-comprar","tag-lacre-termo-retratil-de-pet","tag-lacre-termo-retratil-direto-da-fabrica","tag-lacre-termo-retratil-em-campo-limpo","tag-lacre-termo-retratil-em-carapicuiba","tag-lacre-termo-retratil-em-embu-das-artes","tag-lacre-termo-retratil-em-ermelino-matarazzo","tag-lacre-termo-retratil-em-guarulhos","tag-lacre-termo-retratil-em-osasco","tag-lacre-termo-retratil-em-pinheiros","tag-lacre-termo-retratil-em-sao-paulo","tag-lacre-termo-retratil-em-sp","tag-lacre-termo-retratil-em-taboao-da-serra","tag-lacre-termo-retratil-na-vila-suzana","tag-lacre-termo-retratil-na-zona-leste","tag-lacre-termo-retratil-na-zona-norte","tag-lacre-termo-retratil-na-zona-oeste","tag-lacre-termo-retratil-na-zona-sul","tag-lacre-termo-retratil-no-abc","tag-lacre-termo-retratil-no-centro","tag-lacre-termo-retratil-no-jardim-barbacena","tag-lacre-termo-retratil-onde-encontrar","tag-lacre-termo-retratil-perto-de-mim","tag-lacre-termo-retratil-preco","tag-lacre-termo-retratil-proximo-a-mim","tag-lacre-termoencolhivel-com-logotipo","tag-lacre-termoencolhivel-de-alta-qualidade","tag-lacre-termoencolhivel-e-reutilizavel","tag-lacre-termoencolhivel-para-envase","tag-lacre-termoencolhivel-pode-ser-personalizado","tag-lacre-termoencolhivel-sob-medida","tag-loja-de-lacre-para-garrafao-20-litros","tag-loja-de-lacre-termo-retratil","tag-o-que-e-lacre-termoencolhivel","tag-onde-comprar-lacre-de-garrafa-20-litros","tag-onde-comprar-lacre-para-garrafao","tag-por-que-usar-lacre-em-garrafao-de-agua","tag-preco-de-lacre-termoencolhivel","tag-qual-a-vantagem-do-lacre-personalizado","tag-qual-o-melhor-fornecedor-de-lacres","tag-qual-o-prazo-de-entrega-da-cpr-embalagens","tag-quanto-custa-lacre-para-garrafao-20-litros","tag-quem-e-fabricante-de-lacres-termoencolhiveis","tag-quem-fornece-lacre-termoencolhivel-em-sp","latest_post"],"yoast_head":"<!-- This site is optimized with the Yoast SEO plugin v21.2 - https:\/\/yoast.com\/wordpress\/plugins\/seo\/ -->\n<title>Lacre para garraf\u00e3o de 20 litros direto do fabricante - CPR Embalagens<\/title>\n<meta name=\"description\" content=\"Compre lacre para garraf\u00e3o de 20 litros direto da CPR Embalagens com qualidade, personaliza\u00e7\u00e3o e seguran\u00e7a garantida para sua marca.\" \/>\n<meta name=\"robots\" content=\"index, follow, max-snippet:-1, max-image-preview:large, max-video-preview:-1\" \/>\n<link rel=\"canonical\" href=\"https:\/\/cprembalagens.com.br\/blog\/lacre-para-garrafao-de-20-litros-direto-do-fabricante\/\" \/>\n<meta property=\"og:locale\" content=\"pt_BR\" \/>\n<meta property=\"og:type\" content=\"article\" \/>\n<meta property=\"og:title\" content=\"Lacre para garraf\u00e3o de 20 litros direto do fabricante - CPR Embalagens\" \/>\n<meta property=\"og:description\" content=\"Compre lacre para garraf\u00e3o de 20 litros direto da CPR Embalagens com qualidade, personaliza\u00e7\u00e3o e seguran\u00e7a garantida para sua marca.\" \/>\n<meta property=\"og:url\" content=\"https:\/\/cprembalagens.com.br\/blog\/lacre-para-garrafao-de-20-litros-direto-do-fabricante\/\" \/>\n<meta property=\"og:site_name\" content=\"CPR Embalagens\" \/>\n<meta property=\"article:published_time\" content=\"2025-09-30T17:27:28+00:00\" \/>\n<meta property=\"article:modified_time\" content=\"2025-09-30T17:28:34+00:00\" \/>\n<meta property=\"og:image\" content=\"https:\/\/cprembalagens.com.br\/blog\/wp-content\/uploads\/2025\/09\/8492.jpg\" \/>\n\t<meta property=\"og:image:width\" content=\"1000\" \/>\n\t<meta property=\"og:image:height\" content=\"715\" \/>\n\t<meta property=\"og:image:type\" content=\"image\/jpeg\" \/>\n<meta name=\"author\" content=\"admin\" \/>\n<meta name=\"twitter:card\" content=\"summary_large_image\" \/>\n<meta name=\"twitter:label1\" content=\"Escrito por\" \/>\n\t<meta name=\"twitter:data1\" content=\"admin\" \/>\n\t<meta name=\"twitter:label2\" content=\"Est. tempo de leitura\" \/>\n\t<meta name=\"twitter:data2\" content=\"7 minutos\" \/>\n<script type=\"application\/ld+json\" class=\"yoast-schema-graph\">{\"@context\":\"https:\/\/schema.org\",\"@graph\":[{\"@type\":\"Article\",\"@id\":\"https:\/\/cprembalagens.com.br\/blog\/lacre-para-garrafao-de-20-litros-direto-do-fabricante\/#article\",\"isPartOf\":{\"@id\":\"https:\/\/cprembalagens.com.br\/blog\/lacre-para-garrafao-de-20-litros-direto-do-fabricante\/\"},\"author\":{\"name\":\"admin\",\"@id\":\"https:\/\/cprembalagens.com.br\/blog\/#\/schema\/person\/295d9936f0e92d13351b4b3b044017f2\"},\"headline\":\"Lacre para garraf\u00e3o de 20 litros direto do fabricante\",\"datePublished\":\"2025-09-30T17:27:28+00:00\",\"dateModified\":\"2025-09-30T17:28:34+00:00\",\"mainEntityOfPage\":{\"@id\":\"https:\/\/cprembalagens.com.br\/blog\/lacre-para-garrafao-de-20-litros-direto-do-fabricante\/\"},\"wordCount\":1190,\"commentCount\":0,\"publisher\":{\"@id\":\"https:\/\/cprembalagens.com.br\/blog\/#organization\"},\"keywords\":[\"como aplicar lacre termoencolh\u00edvel\",\"como funciona o lacre termoencolh\u00edvel?\",\"como identificar lacre de qualidade\",\"distribuidor de lacre de garrafa\",\"f\u00e1brica de lacre para garraf\u00e3o 20 litros\",\"f\u00e1brica de lacre termo retr\u00e1til\",\"fabricante de lacre de garrafa\",\"fabricante de lacre para garraf\u00e3o 20 litros\",\"fabricante de lacre termo retr\u00e1til\",\"Fabricante de Lacres de PVC\",\"fabricante de lacres em campo limpo\",\"fabricante de lacres em carapicuiba\",\"fabricante de lacres em embu das artes\",\"fabricante de lacres em ermelino matarazzo\",\"fabricante de lacres em Guarulhos\",\"fabricante de lacres em osasco\",\"fabricante de lacres em pinheiros\",\"fabricante de lacres em s\u00e3o paulo\",\"fabricante de lacres em sp\",\"fabricante de lacres em tabo\u00e3o da serra\",\"fabricante de lacres na vila suzana\",\"fabricante de lacres na zona leste\",\"fabricante de lacres na zona norte\",\"fabricante de lacres na zona oeste\",\"fabricante de lacres na zona sul\",\"fabricante de lacres no ABC\",\"fabricante de lacres no centro\",\"fabricante de lacres no jardim barbacena\",\"fabricante de lacres onde encontrar\",\"fabricante de lacres perto de mim\",\"fabricante de lacres pr\u00f3ximo a mim\",\"fornecedor de lacre para garraf\u00e3o 20 litros\",\"fornecedor de lacre termo retr\u00e1til\",\"fornecedor de lacres para \u00e1gua mineral\",\"fornecedor de lacres personalizados\",\"lacre de garrafa garante seguran\u00e7a\",\"lacre de garraf\u00e3o 20 litros \u00e9 obrigat\u00f3rio\",\"lacre de garraf\u00e3o 20l direto da f\u00e1brica\",\"lacre de pvc ou pet qual escolher\",\"lacre de PVC termo encolh\u00edvel\",\"lacre de seguran\u00e7a para garraf\u00e3o\",\"lacre para garraf\u00e3o 20 litros\",\"lacre para garraf\u00e3o 20 litros comprar\",\"lacre para garraf\u00e3o 20 litros direto da fabrica\",\"lacre para garraf\u00e3o 20 litros em campo limpo\",\"lacre para garraf\u00e3o 20 litros em carapicuiba\",\"lacre para garraf\u00e3o 20 litros em embu das artes\",\"lacre para garraf\u00e3o 20 litros em ermelino matarazzo\",\"lacre para garraf\u00e3o 20 litros em Guarulhos\",\"lacre para garraf\u00e3o 20 litros em osasco\",\"lacre para garraf\u00e3o 20 litros em pinheiros\",\"lacre para garraf\u00e3o 20 litros em s\u00e3o paulo\",\"lacre para garraf\u00e3o 20 litros em sp\",\"lacre para garraf\u00e3o 20 litros em tabo\u00e3o da serra\",\"lacre para garraf\u00e3o 20 litros na vila suzana\",\"lacre para garraf\u00e3o 20 litros na zona leste\",\"lacre para garraf\u00e3o 20 litros na zona norte\",\"lacre para garraf\u00e3o 20 litros na zona oeste\",\"lacre para garraf\u00e3o 20 litros na zona sul\",\"lacre para garraf\u00e3o 20 litros no ABC\",\"lacre para garraf\u00e3o 20 litros no centro\",\"lacre para garraf\u00e3o 20 litros no jardim barbacena\",\"lacre para garraf\u00e3o 20 litros onde encontrar\",\"lacre para garraf\u00e3o 20 litros perto de mim\",\"lacre para garraf\u00e3o 20 litros pre\u00e7o\",\"lacre para garraf\u00e3o 20 litros pr\u00f3ximo a mim\",\"lacre para garraf\u00e3o de \u00e1gua mineral\",\"lacre personalizado agrega valor\",\"lacre personalizado para garraf\u00e3o\",\"lacre termo retr\u00e1til\",\"lacre termo retr\u00e1til comprar\",\"lacre termo retr\u00e1til de pet\",\"lacre termo retr\u00e1til direto da fabrica\",\"lacre termo retr\u00e1til em campo limpo\",\"lacre termo retr\u00e1til em carapicuiba\",\"lacre termo retr\u00e1til em embu das artes\",\"lacre termo retr\u00e1til em ermelino matarazzo\",\"lacre termo retr\u00e1til em Guarulhos\",\"lacre termo retr\u00e1til em osasco\",\"lacre termo retr\u00e1til em pinheiros\",\"lacre termo retr\u00e1til em s\u00e3o paulo\",\"lacre termo retr\u00e1til em sp\",\"lacre termo retr\u00e1til em tabo\u00e3o da serra\",\"lacre termo retr\u00e1til na vila suzana\",\"lacre termo retr\u00e1til na zona leste\",\"lacre termo retr\u00e1til na zona norte\",\"lacre termo retr\u00e1til na zona oeste\",\"lacre termo retr\u00e1til na zona sul\",\"lacre termo retr\u00e1til no ABC\",\"lacre termo retr\u00e1til no centro\",\"lacre termo retr\u00e1til no jardim barbacena\",\"lacre termo retr\u00e1til onde encontrar\",\"lacre termo retr\u00e1til perto de mim\",\"lacre termo retr\u00e1til pre\u00e7o\",\"lacre termo retr\u00e1til pr\u00f3ximo a mim\",\"lacre termoencolh\u00edvel com logotipo\",\"Lacre termoencolh\u00edvel de alta qualidade\",\"lacre termoencolh\u00edvel \u00e9 reutiliz\u00e1vel?\",\"lacre termoencolh\u00edvel para envase\",\"lacre termoencolh\u00edvel pode ser personalizado\",\"lacre termoencolh\u00edvel sob medida\",\"loja de lacre para garraf\u00e3o 20 litros\",\"loja de lacre termo retr\u00e1til\",\"o que \u00e9 lacre termoencolh\u00edvel?\",\"onde comprar lacre de garrafa 20 litros\",\"onde comprar lacre para garraf\u00e3o\",\"por que usar lacre em garraf\u00e3o de \u00e1gua\",\"pre\u00e7o de lacre termoencolh\u00edvel\",\"qual a vantagem do lacre personalizado\",\"qual o melhor fornecedor de lacres\",\"qual o prazo de entrega da CPR Embalagens\",\"quanto custa lacre para garraf\u00e3o 20 litros\",\"quem \u00e9 fabricante de lacres termoencolh\u00edveis\",\"quem fornece lacre termoencolh\u00edvel em SP\"],\"articleSection\":[\"Lacres\"],\"inLanguage\":\"pt-BR\",\"potentialAction\":[{\"@type\":\"CommentAction\",\"name\":\"Comment\",\"target\":[\"https:\/\/cprembalagens.com.br\/blog\/lacre-para-garrafao-de-20-litros-direto-do-fabricante\/#respond\"]}]},{\"@type\":\"WebPage\",\"@id\":\"https:\/\/cprembalagens.com.br\/blog\/lacre-para-garrafao-de-20-litros-direto-do-fabricante\/\",\"url\":\"https:\/\/cprembalagens.com.br\/blog\/lacre-para-garrafao-de-20-litros-direto-do-fabricante\/\",\"name\":\"Lacre para garraf\u00e3o de 20 litros direto do fabricante - CPR Embalagens\",\"isPartOf\":{\"@id\":\"https:\/\/cprembalagens.com.br\/blog\/#website\"},\"datePublished\":\"2025-09-30T17:27:28+00:00\",\"dateModified\":\"2025-09-30T17:28:34+00:00\",\"description\":\"Compre lacre para garraf\u00e3o de 20 litros direto da CPR Embalagens com qualidade, personaliza\u00e7\u00e3o e seguran\u00e7a garantida para sua marca.\",\"breadcrumb\":{\"@id\":\"https:\/\/cprembalagens.com.br\/blog\/lacre-para-garrafao-de-20-litros-direto-do-fabricante\/#breadcrumb\"},\"inLanguage\":\"pt-BR\",\"potentialAction\":[{\"@type\":\"ReadAction\",\"target\":[\"https:\/\/cprembalagens.com.br\/blog\/lacre-para-garrafao-de-20-litros-direto-do-fabricante\/\"]}]},{\"@type\":\"BreadcrumbList\",\"@id\":\"https:\/\/cprembalagens.com.br\/blog\/lacre-para-garrafao-de-20-litros-direto-do-fabricante\/#breadcrumb\",\"itemListElement\":[{\"@type\":\"ListItem\",\"position\":1,\"name\":\"In\u00edcio\",\"item\":\"https:\/\/cprembalagens.com.br\/blog\/\"},{\"@type\":\"ListItem\",\"position\":2,\"name\":\"Lacre para garraf\u00e3o de 20 litros direto do fabricante\"}]},{\"@type\":\"WebSite\",\"@id\":\"https:\/\/cprembalagens.com.br\/blog\/#website\",\"url\":\"https:\/\/cprembalagens.com.br\/blog\/\",\"name\":\"CPR Embalagens\",\"description\":\"Blog - CPR Embalagens\",\"publisher\":{\"@id\":\"https:\/\/cprembalagens.com.br\/blog\/#organization\"},\"potentialAction\":[{\"@type\":\"SearchAction\",\"target\":{\"@type\":\"EntryPoint\",\"urlTemplate\":\"https:\/\/cprembalagens.com.br\/blog\/?s={search_term_string}\"},\"query-input\":\"required name=search_term_string\"}],\"inLanguage\":\"pt-BR\"},{\"@type\":\"Organization\",\"@id\":\"https:\/\/cprembalagens.com.br\/blog\/#organization\",\"name\":\"CPR Embalagens\",\"url\":\"https:\/\/cprembalagens.com.br\/blog\/\",\"logo\":{\"@type\":\"ImageObject\",\"inLanguage\":\"pt-BR\",\"@id\":\"https:\/\/cprembalagens.com.br\/blog\/#\/schema\/logo\/image\/\",\"url\":\"https:\/\/cprembalagens.com.br\/blog\/wp-content\/uploads\/2023\/10\/logo-1.webp\",\"contentUrl\":\"https:\/\/cprembalagens.com.br\/blog\/wp-content\/uploads\/2023\/10\/logo-1.webp\",\"width\":215,\"height\":84,\"caption\":\"CPR Embalagens\"},\"image\":{\"@id\":\"https:\/\/cprembalagens.com.br\/blog\/#\/schema\/logo\/image\/\"}},{\"@type\":\"Person\",\"@id\":\"https:\/\/cprembalagens.com.br\/blog\/#\/schema\/person\/295d9936f0e92d13351b4b3b044017f2\",\"name\":\"admin\",\"image\":{\"@type\":\"ImageObject\",\"inLanguage\":\"pt-BR\",\"@id\":\"https:\/\/cprembalagens.com.br\/blog\/#\/schema\/person\/image\/\",\"url\":\"https:\/\/secure.gravatar.com\/avatar\/3813f53848958b8842eeafda91666185a90010f65ed554379b78794cde6f234a?s=96&d=mm&r=g\",\"contentUrl\":\"https:\/\/secure.gravatar.com\/avatar\/3813f53848958b8842eeafda91666185a90010f65ed554379b78794cde6f234a?s=96&d=mm&r=g\",\"caption\":\"admin\"},\"sameAs\":[\"https:\/\/www.cprembalagens.com.br\/blog\"],\"url\":\"https:\/\/cprembalagens.com.br\/blog\/author\/admin\/\"}]}<\/script>\n<!-- \/ Yoast SEO plugin. -->","yoast_head_json":{"title":"Lacre para garraf\u00e3o de 20 litros direto do fabricante - CPR Embalagens","description":"Compre lacre para garraf\u00e3o de 20 litros direto da CPR Embalagens com qualidade, personaliza\u00e7\u00e3o e seguran\u00e7a garantida para sua marca.","robots":{"index":"index","follow":"follow","max-snippet":"max-snippet:-1","max-image-preview":"max-image-preview:large","max-video-preview":"max-video-preview:-1"},"canonical":"https:\/\/cprembalagens.com.br\/blog\/lacre-para-garrafao-de-20-litros-direto-do-fabricante\/","og_locale":"pt_BR","og_type":"article","og_title":"Lacre para garraf\u00e3o de 20 litros direto do fabricante - CPR Embalagens","og_description":"Compre lacre para garraf\u00e3o de 20 litros direto da CPR Embalagens com qualidade, personaliza\u00e7\u00e3o e seguran\u00e7a garantida para sua marca.","og_url":"https:\/\/cprembalagens.com.br\/blog\/lacre-para-garrafao-de-20-litros-direto-do-fabricante\/","og_site_name":"CPR Embalagens","article_published_time":"2025-09-30T17:27:28+00:00","article_modified_time":"2025-09-30T17:28:34+00:00","og_image":[{"width":1000,"height":715,"url":"https:\/\/cprembalagens.com.br\/blog\/wp-content\/uploads\/2025\/09\/8492.jpg","type":"image\/jpeg"}],"author":"admin","twitter_card":"summary_large_image","twitter_misc":{"Escrito por":"admin","Est. tempo de leitura":"7 minutos"},"schema":{"@context":"https:\/\/schema.org","@graph":[{"@type":"Article","@id":"https:\/\/cprembalagens.com.br\/blog\/lacre-para-garrafao-de-20-litros-direto-do-fabricante\/#article","isPartOf":{"@id":"https:\/\/cprembalagens.com.br\/blog\/lacre-para-garrafao-de-20-litros-direto-do-fabricante\/"},"author":{"name":"admin","@id":"https:\/\/cprembalagens.com.br\/blog\/#\/schema\/person\/295d9936f0e92d13351b4b3b044017f2"},"headline":"Lacre para garraf\u00e3o de 20 litros direto do fabricante","datePublished":"2025-09-30T17:27:28+00:00","dateModified":"2025-09-30T17:28:34+00:00","mainEntityOfPage":{"@id":"https:\/\/cprembalagens.com.br\/blog\/lacre-para-garrafao-de-20-litros-direto-do-fabricante\/"},"wordCount":1190,"commentCount":0,"publisher":{"@id":"https:\/\/cprembalagens.com.br\/blog\/#organization"},"keywords":["como aplicar lacre termoencolh\u00edvel","como funciona o lacre termoencolh\u00edvel?","como identificar lacre de qualidade","distribuidor de lacre de garrafa","f\u00e1brica de lacre para garraf\u00e3o 20 litros","f\u00e1brica de lacre termo retr\u00e1til","fabricante de lacre de garrafa","fabricante de lacre para garraf\u00e3o 20 litros","fabricante de lacre termo retr\u00e1til","Fabricante de Lacres de PVC","fabricante de lacres em campo limpo","fabricante de lacres em carapicuiba","fabricante de lacres em embu das artes","fabricante de lacres em ermelino matarazzo","fabricante de lacres em Guarulhos","fabricante de lacres em osasco","fabricante de lacres em pinheiros","fabricante de lacres em s\u00e3o paulo","fabricante de lacres em sp","fabricante de lacres em tabo\u00e3o da serra","fabricante de lacres na vila suzana","fabricante de lacres na zona leste","fabricante de lacres na zona norte","fabricante de lacres na zona oeste","fabricante de lacres na zona sul","fabricante de lacres no ABC","fabricante de lacres no centro","fabricante de lacres no jardim barbacena","fabricante de lacres onde encontrar","fabricante de lacres perto de mim","fabricante de lacres pr\u00f3ximo a mim","fornecedor de lacre para garraf\u00e3o 20 litros","fornecedor de lacre termo retr\u00e1til","fornecedor de lacres para \u00e1gua mineral","fornecedor de lacres personalizados","lacre de garrafa garante seguran\u00e7a","lacre de garraf\u00e3o 20 litros \u00e9 obrigat\u00f3rio","lacre de garraf\u00e3o 20l direto da f\u00e1brica","lacre de pvc ou pet qual escolher","lacre de PVC termo encolh\u00edvel","lacre de seguran\u00e7a para garraf\u00e3o","lacre para garraf\u00e3o 20 litros","lacre para garraf\u00e3o 20 litros comprar","lacre para garraf\u00e3o 20 litros direto da fabrica","lacre para garraf\u00e3o 20 litros em campo limpo","lacre para garraf\u00e3o 20 litros em carapicuiba","lacre para garraf\u00e3o 20 litros em embu das artes","lacre para garraf\u00e3o 20 litros em ermelino matarazzo","lacre para garraf\u00e3o 20 litros em Guarulhos","lacre para garraf\u00e3o 20 litros em osasco","lacre para garraf\u00e3o 20 litros em pinheiros","lacre para garraf\u00e3o 20 litros em s\u00e3o paulo","lacre para garraf\u00e3o 20 litros em sp","lacre para garraf\u00e3o 20 litros em tabo\u00e3o da serra","lacre para garraf\u00e3o 20 litros na vila suzana","lacre para garraf\u00e3o 20 litros na zona leste","lacre para garraf\u00e3o 20 litros na zona norte","lacre para garraf\u00e3o 20 litros na zona oeste","lacre para garraf\u00e3o 20 litros na zona sul","lacre para garraf\u00e3o 20 litros no ABC","lacre para garraf\u00e3o 20 litros no centro","lacre para garraf\u00e3o 20 litros no jardim barbacena","lacre para garraf\u00e3o 20 litros onde encontrar","lacre para garraf\u00e3o 20 litros perto de mim","lacre para garraf\u00e3o 20 litros pre\u00e7o","lacre para garraf\u00e3o 20 litros pr\u00f3ximo a mim","lacre para garraf\u00e3o de \u00e1gua mineral","lacre personalizado agrega valor","lacre personalizado para garraf\u00e3o","lacre termo retr\u00e1til","lacre termo retr\u00e1til comprar","lacre termo retr\u00e1til de pet","lacre termo retr\u00e1til direto da fabrica","lacre termo retr\u00e1til em campo limpo","lacre termo retr\u00e1til em carapicuiba","lacre termo retr\u00e1til em embu das artes","lacre termo retr\u00e1til em ermelino matarazzo","lacre termo retr\u00e1til em Guarulhos","lacre termo retr\u00e1til em osasco","lacre termo retr\u00e1til em pinheiros","lacre termo retr\u00e1til em s\u00e3o paulo","lacre termo retr\u00e1til em sp","lacre termo retr\u00e1til em tabo\u00e3o da serra","lacre termo retr\u00e1til na vila suzana","lacre termo retr\u00e1til na zona leste","lacre termo retr\u00e1til na zona norte","lacre termo retr\u00e1til na zona oeste","lacre termo retr\u00e1til na zona sul","lacre termo retr\u00e1til no ABC","lacre termo retr\u00e1til no centro","lacre termo retr\u00e1til no jardim barbacena","lacre termo retr\u00e1til onde encontrar","lacre termo retr\u00e1til perto de mim","lacre termo retr\u00e1til pre\u00e7o","lacre termo retr\u00e1til pr\u00f3ximo a mim","lacre termoencolh\u00edvel com logotipo","Lacre termoencolh\u00edvel de alta qualidade","lacre termoencolh\u00edvel \u00e9 reutiliz\u00e1vel?","lacre termoencolh\u00edvel para envase","lacre termoencolh\u00edvel pode ser personalizado","lacre termoencolh\u00edvel sob medida","loja de lacre para garraf\u00e3o 20 litros","loja de lacre termo retr\u00e1til","o que \u00e9 lacre termoencolh\u00edvel?","onde comprar lacre de garrafa 20 litros","onde comprar lacre para garraf\u00e3o","por que usar lacre em garraf\u00e3o de \u00e1gua","pre\u00e7o de lacre termoencolh\u00edvel","qual a vantagem do lacre personalizado","qual o melhor fornecedor de lacres","qual o prazo de entrega da CPR Embalagens","quanto custa lacre para garraf\u00e3o 20 litros","quem \u00e9 fabricante de lacres termoencolh\u00edveis","quem fornece lacre termoencolh\u00edvel em SP"],"articleSection":["Lacres"],"inLanguage":"pt-BR","potentialAction":[{"@type":"CommentAction","name":"Comment","target":["https:\/\/cprembalagens.com.br\/blog\/lacre-para-garrafao-de-20-litros-direto-do-fabricante\/#respond"]}]},{"@type":"WebPage","@id":"https:\/\/cprembalagens.com.br\/blog\/lacre-para-garrafao-de-20-litros-direto-do-fabricante\/","url":"https:\/\/cprembalagens.com.br\/blog\/lacre-para-garrafao-de-20-litros-direto-do-fabricante\/","name":"Lacre para garraf\u00e3o de 20 litros direto do fabricante - CPR Embalagens","isPartOf":{"@id":"https:\/\/cprembalagens.com.br\/blog\/#website"},"datePublished":"2025-09-30T17:27:28+00:00","dateModified":"2025-09-30T17:28:34+00:00","description":"Compre lacre para garraf\u00e3o de 20 litros direto da CPR Embalagens com qualidade, personaliza\u00e7\u00e3o e seguran\u00e7a garantida para sua marca.","breadcrumb":{"@id":"https:\/\/cprembalagens.com.br\/blog\/lacre-para-garrafao-de-20-litros-direto-do-fabricante\/#breadcrumb"},"inLanguage":"pt-BR","potentialAction":[{"@type":"ReadAction","target":["https:\/\/cprembalagens.com.br\/blog\/lacre-para-garrafao-de-20-litros-direto-do-fabricante\/"]}]},{"@type":"BreadcrumbList","@id":"https:\/\/cprembalagens.com.br\/blog\/lacre-para-garrafao-de-20-litros-direto-do-fabricante\/#breadcrumb","itemListElement":[{"@type":"ListItem","position":1,"name":"In\u00edcio","item":"https:\/\/cprembalagens.com.br\/blog\/"},{"@type":"ListItem","position":2,"name":"Lacre para garraf\u00e3o de 20 litros direto do fabricante"}]},{"@type":"WebSite","@id":"https:\/\/cprembalagens.com.br\/blog\/#website","url":"https:\/\/cprembalagens.com.br\/blog\/","name":"CPR Embalagens","description":"Blog - CPR Embalagens","publisher":{"@id":"https:\/\/cprembalagens.com.br\/blog\/#organization"},"potentialAction":[{"@type":"SearchAction","target":{"@type":"EntryPoint","urlTemplate":"https:\/\/cprembalagens.com.br\/blog\/?s={search_term_string}"},"query-input":"required name=search_term_string"}],"inLanguage":"pt-BR"},{"@type":"Organization","@id":"https:\/\/cprembalagens.com.br\/blog\/#organization","name":"CPR Embalagens","url":"https:\/\/cprembalagens.com.br\/blog\/","logo":{"@type":"ImageObject","inLanguage":"pt-BR","@id":"https:\/\/cprembalagens.com.br\/blog\/#\/schema\/logo\/image\/","url":"https:\/\/cprembalagens.com.br\/blog\/wp-content\/uploads\/2023\/10\/logo-1.webp","contentUrl":"https:\/\/cprembalagens.com.br\/blog\/wp-content\/uploads\/2023\/10\/logo-1.webp","width":215,"height":84,"caption":"CPR Embalagens"},"image":{"@id":"https:\/\/cprembalagens.com.br\/blog\/#\/schema\/logo\/image\/"}},{"@type":"Person","@id":"https:\/\/cprembalagens.com.br\/blog\/#\/schema\/person\/295d9936f0e92d13351b4b3b044017f2","name":"admin","image":{"@type":"ImageObject","inLanguage":"pt-BR","@id":"https:\/\/cprembalagens.com.br\/blog\/#\/schema\/person\/image\/","url":"https:\/\/secure.gravatar.com\/avatar\/3813f53848958b8842eeafda91666185a90010f65ed554379b78794cde6f234a?s=96&d=mm&r=g","contentUrl":"https:\/\/secure.gravatar.com\/avatar\/3813f53848958b8842eeafda91666185a90010f65ed554379b78794cde6f234a?s=96&d=mm&r=g","caption":"admin"},"sameAs":["https:\/\/www.cprembalagens.com.br\/blog"],"url":"https:\/\/cprembalagens.com.br\/blog\/author\/admin\/"}]}},"_links":{"self":[{"href":"https:\/\/cprembalagens.com.br\/blog\/wp-json\/wp\/v2\/posts\/425","targetHints":{"allow":["GET"]}}],"collection":[{"href":"https:\/\/cprembalagens.com.br\/blog\/wp-json\/wp\/v2\/posts"}],"about":[{"href":"https:\/\/cprembalagens.com.br\/blog\/wp-json\/wp\/v2\/types\/post"}],"author":[{"embeddable":true,"href":"https:\/\/cprembalagens.com.br\/blog\/wp-json\/wp\/v2\/users\/1"}],"replies":[{"embeddable":true,"href":"https:\/\/cprembalagens.com.br\/blog\/wp-json\/wp\/v2\/comments?post=425"}],"version-history":[{"count":1,"href":"https:\/\/cprembalagens.com.br\/blog\/wp-json\/wp\/v2\/posts\/425\/revisions"}],"predecessor-version":[{"id":428,"href":"https:\/\/cprembalagens.com.br\/blog\/wp-json\/wp\/v2\/posts\/425\/revisions\/428"}],"wp:featuredmedia":[{"embeddable":true,"href":"https:\/\/cprembalagens.com.br\/blog\/wp-json\/wp\/v2\/media\/426"}],"wp:attachment":[{"href":"https:\/\/cprembalagens.com.br\/blog\/wp-json\/wp\/v2\/media?parent=425"}],"wp:term":[{"taxonomy":"category","embeddable":true,"href":"https:\/\/cprembalagens.com.br\/blog\/wp-json\/wp\/v2\/categories?post=425"},{"taxonomy":"post_tag","embeddable":true,"href":"https:\/\/cprembalagens.com.br\/blog\/wp-json\/wp\/v2\/tags?post=425"}],"curies":[{"name":"wp","href":"https:\/\/api.w.org\/{rel}","templated":true}]}}