{"id":260,"date":"2024-11-22T16:59:27","date_gmt":"2024-11-22T16:59:27","guid":{"rendered":"https:\/\/cprembalagens.com.br\/blog\/?p=260"},"modified":"2024-11-22T17:00:30","modified_gmt":"2024-11-22T17:00:30","slug":"sleeve-e-lacres-de-seguranca-protecao-e-marketing-em-um-so-produto","status":"publish","type":"post","link":"https:\/\/cprembalagens.com.br\/blog\/sleeve-e-lacres-de-seguranca-protecao-e-marketing-em-um-so-produto\/","title":{"rendered":"Sleeve e lacres de seguran\u00e7a: prote\u00e7\u00e3o e marketing em um s\u00f3 produto"},"content":{"rendered":"<span class=\"rt-reading-time\" style=\"display: block;\"><span class=\"rt-label rt-prefix\">Tempo de leitura: <\/span> <span class=\"rt-time\">3<\/span> <span class=\"rt-label rt-postfix\">minutos<\/span><\/span>\n<p class=\"has-medium-font-size\"><strong><em>Descubra como os sleeves e lacres de seguran\u00e7a combinam prote\u00e7\u00e3o e marketing em um \u00fanico produto. Saiba mais sobre suas vantagens e aplica\u00e7\u00f5es!<\/em><\/strong><\/p>\n\n\n\n<p>A seguran\u00e7a e a apresenta\u00e7\u00e3o de um produto s\u00e3o fatores essenciais para conquistar a confian\u00e7a e o interesse dos consumidores.<\/p>\n\n\n\n<p>Em mercados cada vez mais competitivos, as empresas buscam solu\u00e7\u00f5es que aliem prote\u00e7\u00e3o e marketing de forma eficaz. \u00c9 nesse cen\u00e1rio que os sleeves e lacres de seguran\u00e7a se destacam como alternativas vers\u00e1teis e indispens\u00e1veis.<\/p>\n\n\n\n<p>Esses itens oferecem n\u00e3o apenas a garantia de que o produto est\u00e1 protegido contra viola\u00e7\u00f5es, mas tamb\u00e9m agregam valor est\u00e9tico e funcional \u00e0s embalagens.<\/p>\n\n\n\n<p>Combinando tecnologia e personaliza\u00e7\u00e3o, os sleeves e lacres t\u00eam aplica\u00e7\u00f5es amplas em setores como alimentos, cosm\u00e9ticos, bebidas e muito mais.<\/p>\n\n\n\n<p>Neste artigo, exploraremos suas vantagens, aplica\u00e7\u00f5es e como eles podem impulsionar o impacto de sua marca no mercado.<\/p>\n\n\n\n<ul class=\"wp-block-list\">\n<li><a href=\"https:\/\/cprembalagens.com.br\/blog\/conheca-as-principais-vantagens-do-lacre-de-pet-termo-encolhivel-em-produtos-alimenticios\/\">Conhe\u00e7a as principais vantagens do lacre de PET termo encolh\u00edvel em produtos aliment\u00edcios<\/a><\/li>\n<\/ul>\n\n\n\n<div id=\"ez-toc-container\" class=\"ez-toc-v2_0_62 counter-hierarchy ez-toc-counter ez-toc-grey ez-toc-container-direction\">\n<div class=\"ez-toc-title-container\">\n<p class=\"ez-toc-title \" >T&oacute;picos do artigo<\/p>\n<span class=\"ez-toc-title-toggle\"><a href=\"#\" class=\"ez-toc-pull-right ez-toc-btn ez-toc-btn-xs ez-toc-btn-default ez-toc-toggle\" aria-label=\"Toggle Table of Content\"><span class=\"ez-toc-js-icon-con\"><span class=\"\"><span class=\"eztoc-hide\" style=\"display:none;\">Toggle<\/span><span class=\"ez-toc-icon-toggle-span\"><svg style=\"fill: #999;color:#999\" xmlns=\"http:\/\/www.w3.org\/2000\/svg\" class=\"list-377408\" width=\"20px\" height=\"20px\" viewBox=\"0 0 24 24\" fill=\"none\"><path d=\"M6 6H4v2h2V6zm14 0H8v2h12V6zM4 11h2v2H4v-2zm16 0H8v2h12v-2zM4 16h2v2H4v-2zm16 0H8v2h12v-2z\" fill=\"currentColor\"><\/path><\/svg><svg style=\"fill: #999;color:#999\" class=\"arrow-unsorted-368013\" xmlns=\"http:\/\/www.w3.org\/2000\/svg\" width=\"10px\" height=\"10px\" viewBox=\"0 0 24 24\" version=\"1.2\" baseProfile=\"tiny\"><path d=\"M18.2 9.3l-6.2-6.3-6.2 6.3c-.2.2-.3.4-.3.7s.1.5.3.7c.2.2.4.3.7.3h11c.3 0 .5-.1.7-.3.2-.2.3-.5.3-.7s-.1-.5-.3-.7zM5.8 14.7l6.2 6.3 6.2-6.3c.2-.2.3-.5.3-.7s-.1-.5-.3-.7c-.2-.2-.4-.3-.7-.3h-11c-.3 0-.5.1-.7.3-.2.2-.3.5-.3.7s.1.5.3.7z\"\/><\/svg><\/span><\/span><\/span><\/a><\/span><\/div>\n<nav><ul class='ez-toc-list ez-toc-list-level-1 ' ><li class='ez-toc-page-1 ez-toc-heading-level-2'><a class=\"ez-toc-link ez-toc-heading-1\" href=\"https:\/\/cprembalagens.com.br\/blog\/sleeve-e-lacres-de-seguranca-protecao-e-marketing-em-um-so-produto\/#O_que_sao_sleeves_e_lacres_de_seguranca\" title=\"O que s\u00e3o sleeves e lacres de seguran\u00e7a?\">O que s\u00e3o sleeves e lacres de seguran\u00e7a?<\/a><\/li><li class='ez-toc-page-1 ez-toc-heading-level-2'><a class=\"ez-toc-link ez-toc-heading-2\" href=\"https:\/\/cprembalagens.com.br\/blog\/sleeve-e-lacres-de-seguranca-protecao-e-marketing-em-um-so-produto\/#Conheca_as_principais_aplicacoes_dos_sleeves_e_lacres_de_seguranca\" title=\"Conhe\u00e7a as principais aplica\u00e7\u00f5es dos sleeves e lacres de seguran\u00e7a\">Conhe\u00e7a as principais aplica\u00e7\u00f5es dos sleeves e lacres de seguran\u00e7a<\/a><\/li><li class='ez-toc-page-1 ez-toc-heading-level-2'><a class=\"ez-toc-link ez-toc-heading-3\" href=\"https:\/\/cprembalagens.com.br\/blog\/sleeve-e-lacres-de-seguranca-protecao-e-marketing-em-um-so-produto\/#Sleeves_personalizados_como_agregar_valor_ao_produto\" title=\"Sleeves personalizados: como agregar valor ao produto?\">Sleeves personalizados: como agregar valor ao produto?<\/a><ul class='ez-toc-list-level-3' ><li class='ez-toc-heading-level-3'><a class=\"ez-toc-link ez-toc-heading-4\" href=\"https:\/\/cprembalagens.com.br\/blog\/sleeve-e-lacres-de-seguranca-protecao-e-marketing-em-um-so-produto\/#As_vantagens_dos_lacres_de_seguranca_protecao_em_detalhes\" title=\"As vantagens dos lacres de seguran\u00e7a: prote\u00e7\u00e3o em detalhes\">As vantagens dos lacres de seguran\u00e7a: prote\u00e7\u00e3o em detalhes<\/a><\/li><\/ul><\/li><li class='ez-toc-page-1 ez-toc-heading-level-2'><a class=\"ez-toc-link ez-toc-heading-5\" href=\"https:\/\/cprembalagens.com.br\/blog\/sleeve-e-lacres-de-seguranca-protecao-e-marketing-em-um-so-produto\/#Por_que_escolher_a_CPR_Embalagens_para_sleeves_e_lacres_de_seguranca\" title=\"Por que escolher a CPR Embalagens para sleeves e lacres de seguran\u00e7a?\">Por que escolher a CPR Embalagens para sleeves e lacres de seguran\u00e7a?<\/a><ul class='ez-toc-list-level-3' ><li class='ez-toc-heading-level-3'><a class=\"ez-toc-link ez-toc-heading-6\" href=\"https:\/\/cprembalagens.com.br\/blog\/sleeve-e-lacres-de-seguranca-protecao-e-marketing-em-um-so-produto\/#Entre_em_contato_com_a_CPR_Embalagens_e_impulsione_sua_marca\" title=\"Entre em contato com a CPR Embalagens e impulsione sua marca!\">Entre em contato com a CPR Embalagens e impulsione sua marca!<\/a><\/li><\/ul><\/li><\/ul><\/nav><\/div>\n<h2 class=\"wp-block-heading\"><span class=\"ez-toc-section\" id=\"O_que_sao_sleeves_e_lacres_de_seguranca\"><\/span>O que s\u00e3o sleeves e lacres de seguran\u00e7a?<span class=\"ez-toc-section-end\"><\/span><\/h2>\n\n\n\n<p>Os sleeves e lacres de seguran\u00e7a s\u00e3o componentes essenciais para embalagens que combinam prote\u00e7\u00e3o e apelo visual.<\/p>\n\n\n<div class=\"wp-block-image\">\n<figure class=\"alignright size-full is-resized\"><img decoding=\"async\" width=\"298\" height=\"215\" src=\"https:\/\/cprembalagens.com.br\/blog\/wp-content\/uploads\/2024\/11\/lacre-termo-encolhivel-impresso-cortado.jpg\" alt=\"\" class=\"wp-image-262\" style=\"width:357px;height:auto\" srcset=\"https:\/\/cprembalagens.com.br\/blog\/wp-content\/uploads\/2024\/11\/lacre-termo-encolhivel-impresso-cortado.jpg 298w, https:\/\/cprembalagens.com.br\/blog\/wp-content\/uploads\/2024\/11\/lacre-termo-encolhivel-impresso-cortado-83x60.jpg 83w\" sizes=\"(max-width: 298px) 100vw, 298px\" \/><\/figure>\n<\/div>\n\n\n<ul class=\"wp-block-list\">\n<li><strong>Sleeves: <\/strong>s\u00e3o pel\u00edculas pl\u00e1sticas termorretr\u00e1teis que se ajustam ao formato do produto ap\u00f3s a aplica\u00e7\u00e3o de calor. Al\u00e9m de oferecer veda\u00e7\u00e3o segura, os sleeves permitem personaliza\u00e7\u00e3o completa, com impress\u00e3o de alta qualidade, o que os torna ideais para destacar produtos em prateleiras;<br><\/li>\n\n\n\n<li><strong>Lacres de seguran\u00e7a: <\/strong>servem para selar embalagens, garantindo que o produto n\u00e3o seja acessado ou adulterado antes de chegar ao consumidor.<\/li>\n<\/ul>\n\n\n\n<p>Ambos s\u00e3o amplamente utilizados em setores como aliment\u00edcio, cosm\u00e9tico, farmac\u00eautico e qu\u00edmico, protegendo a integridade do conte\u00fado e transmitindo confian\u00e7a ao consumidor.<\/p>\n\n\n\n<p>Esses itens tamb\u00e9m contribuem para a valoriza\u00e7\u00e3o da marca e para o cumprimento de normas de seguran\u00e7a.<\/p>\n\n\n\n<ul class=\"wp-block-list\">\n<li><a href=\"https:\/\/cprembalagens.com.br\/blog\/o-que-e-filme-pvc-termo-encolhivel-e-como-e-usado-na-industria\/\">O que \u00e9 filme PVC termo encolh\u00edvel e como \u00e9 usado na ind\u00fastria?<\/a><\/li>\n<\/ul>\n\n\n\n<h2 class=\"wp-block-heading\"><span class=\"ez-toc-section\" id=\"Conheca_as_principais_aplicacoes_dos_sleeves_e_lacres_de_seguranca\"><\/span>Conhe\u00e7a as principais aplica\u00e7\u00f5es dos sleeves e lacres de seguran\u00e7a<span class=\"ez-toc-section-end\"><\/span><\/h2>\n\n\n\n<p>Os sleeves e lacres de seguran\u00e7a t\u00eam amplo uso em diferentes setores industriais. Veja algumas das principais aplica\u00e7\u00f5es:<\/p>\n\n\n\n<ul class=\"wp-block-list\">\n<li><strong>Ind\u00fastria aliment\u00edcia: <\/strong>prote\u00e7\u00e3o contra viola\u00e7\u00f5es em produtos como bebidas, molhos e latic\u00ednios;<br><\/li>\n\n\n\n<li><strong>Cosm\u00e9ticos e higiene pessoal:<\/strong> agregam valor est\u00e9tico e garantem que o produto esteja intacto;<br><\/li>\n\n\n\n<li><strong>Farmac\u00eautica: <\/strong>a seguran\u00e7a \u00e9 primordial para evitar contamina\u00e7\u00f5es ou adultera\u00e7\u00f5es de medicamentos;<br><\/li>\n\n\n\n<li><strong>Produtos qu\u00edmicos: <\/strong>lacres e sleeves garantem seguran\u00e7a no transporte e armazenamento de subst\u00e2ncias qu\u00edmicas;<br><\/li>\n\n\n\n<li><strong>Bebidas:<\/strong> amplamente utilizados em garrafas de \u00e1gua, refrigerantes e sucos, protegendo o conte\u00fado interno e oferecendo apelo visual.<\/li>\n<\/ul>\n\n\n\n<h2 class=\"wp-block-heading\"><span class=\"ez-toc-section\" id=\"Sleeves_personalizados_como_agregar_valor_ao_produto\"><\/span>Sleeves personalizados: como agregar valor ao produto?<span class=\"ez-toc-section-end\"><\/span><\/h2>\n\n\n\n<p>Os sleeves personalizados s\u00e3o ferramentas estrat\u00e9gicas para aumentar a competitividade do produto. Eles oferecem:<\/p>\n\n\n\n<ul class=\"wp-block-list\">\n<li><strong>Design exclusivo:<\/strong> permitem personaliza\u00e7\u00e3o total, com impress\u00e3o de alta qualidade e design 360\u00b0.<\/li>\n\n\n\n<li><strong>Informa\u00e7\u00f5es detalhadas: <\/strong>ampla \u00e1rea de impress\u00e3o para incluir informa\u00e7\u00f5es sobre o produto, como ingredientes, instru\u00e7\u00f5es de uso ou mensagens promocionais.<\/li>\n\n\n\n<li><strong>Promo\u00e7\u00f5es e campanhas:<\/strong> sleeves podem ser adaptados para campanhas sazonais ou lan\u00e7amentos, refor\u00e7ando o impacto do marketing.<\/li>\n<\/ul>\n\n\n\n<p>Essa flexibilidade torna o sleeve um diferencial poderoso para a comunica\u00e7\u00e3o da marca.<\/p>\n\n\n\n<h3 class=\"wp-block-heading\"><span class=\"ez-toc-section\" id=\"As_vantagens_dos_lacres_de_seguranca_protecao_em_detalhes\"><\/span>As vantagens dos lacres de seguran\u00e7a: prote\u00e7\u00e3o em detalhes<span class=\"ez-toc-section-end\"><\/span><\/h3>\n\n\n\n<p>Os lacres de seguran\u00e7a t\u00eam papel fundamental na prote\u00e7\u00e3o do produto e da reputa\u00e7\u00e3o da marca. Algumas vantagens incluem:<\/p>\n\n\n\n<ul class=\"wp-block-list\">\n<li><strong>Preven\u00e7\u00e3o de viola\u00e7\u00f5es: <\/strong>evitam acessos indevidos ao produto antes do uso.<\/li>\n\n\n\n<li><strong>Conformidade legal: <\/strong>muitos setores exigem lacres como parte das regulamenta\u00e7\u00f5es de seguran\u00e7a.<\/li>\n\n\n\n<li><strong>F\u00e1cil aplica\u00e7\u00e3o: <\/strong>s\u00e3o pr\u00e1ticos para integrar \u00e0s linhas de produ\u00e7\u00e3o existentes.<\/li>\n\n\n\n<li><strong>Custo-benef\u00edcio:<\/strong> oferecem seguran\u00e7a elevada por um investimento acess\u00edvel.<\/li>\n<\/ul>\n\n\n\n<p>Com o uso adequado de lacres, a empresa transmite confian\u00e7a ao consumidor e reduz riscos de perdas ou contamina\u00e7\u00f5es.<\/p>\n\n\n\n<ul class=\"wp-block-list\">\n<li><a href=\"https:\/\/cprembalagens.com.br\/blog\/filme-plastico-para-embalar-alimentos-como-escolher-o-modelo-certo\/\">Filme pl\u00e1stico para embalar alimentos: como escolher o modelo certo<\/a><\/li>\n<\/ul>\n\n\n\n<h2 class=\"wp-block-heading\"><span class=\"ez-toc-section\" id=\"Por_que_escolher_a_CPR_Embalagens_para_sleeves_e_lacres_de_seguranca\"><\/span>Por que escolher a CPR Embalagens para sleeves e lacres de seguran\u00e7a?<span class=\"ez-toc-section-end\"><\/span><\/h2>\n\n\n\n<p>A CPR Embalagens \u00e9 refer\u00eancia na fabrica\u00e7\u00e3o de sleeves e lacres de seguran\u00e7a, oferecendo solu\u00e7\u00f5es inovadoras e personalizadas para diferentes setores.<\/p>\n\n\n\n<p>Com foco em qualidade e sustentabilidade, a empresa utiliza materiais de alta performance que garantem prote\u00e7\u00e3o e valoriza\u00e7\u00e3o dos produtos.<\/p>\n\n\n\n<p>Al\u00e9m disso, a CPR Embalagens se destaca pela expertise no desenvolvimento de sleeves personalizados, ajudando empresas a criarem embalagens \u00fanicas e funcionais.<\/p>\n\n\n\n<p>A capacidade de atender demandas espec\u00edficas faz da CPR um parceiro estrat\u00e9gico para neg\u00f3cios que buscam excel\u00eancia e seguran\u00e7a.<\/p>\n\n\n\n<h3 class=\"wp-block-heading\"><span class=\"ez-toc-section\" id=\"Entre_em_contato_com_a_CPR_Embalagens_e_impulsione_sua_marca\"><\/span>Entre em contato com a CPR Embalagens e impulsione sua marca!<span class=\"ez-toc-section-end\"><\/span><\/h3>\n\n\n\n<p>Se voc\u00ea procura sleeves e lacres de seguran\u00e7a que combinem prote\u00e7\u00e3o, design e efici\u00eancia, a CPR Embalagens \u00e9 a escolha ideal.<\/p>\n\n\n\n<p>Com ampla experi\u00eancia no mercado, a empresa est\u00e1 pronta para oferecer solu\u00e7\u00f5es sob medida para o seu neg\u00f3cio.<\/p>\n\n\n\n<p><a href=\"https:\/\/cprembalagens.com.br\/contato\">Entre em contato<\/a> agora mesmo e descubra como transformar suas embalagens em um diferencial competitivo. Solicite um or\u00e7amento e eleve o n\u00edvel de prote\u00e7\u00e3o e marketing dos seus produtos com a CPR Embalagens!<\/p>\n\n\n\n<p>Gostou do conte\u00fado? Ent\u00e3o, leia mais artigos como esse em nosso <a href=\"https:\/\/cprembalagens.com.br\/blog\/\">blog<\/a>!<\/p>\n","protected":false},"excerpt":{"rendered":"<p><span class=\"rt-reading-time\" style=\"display: block;\"><span class=\"rt-label rt-prefix\">Tempo de leitura: <\/span> <span class=\"rt-time\">3<\/span> <span class=\"rt-label rt-postfix\">minutos<\/span><\/span> Descubra como os sleeves e lacres de seguran\u00e7a combinam prote\u00e7\u00e3o e marketing em um \u00fanico produto. Saiba mais sobre suas vantagens e aplica\u00e7\u00f5es! A seguran\u00e7a e a apresenta\u00e7\u00e3o de um produto s\u00e3o fatores essenciais para conquistar a confian\u00e7a e o interesse dos consumidores. Em mercados cada vez mais competitivos, as empresas buscam solu\u00e7\u00f5es que aliem &hellip; <\/p>\n","protected":false},"author":1,"featured_media":261,"comment_status":"open","ping_status":"open","sticky":false,"template":"","format":"standard","meta":{"footnotes":""},"categories":[1156],"tags":[1158,1162,1163,1159,1160,1161,1157,1170,1174,1175,1169,1176,1166,1165,1167,1168,1173,1171,1164,1172],"class_list":["post-260","post","type-post","status-publish","format-standard","has-post-thumbnail","hentry","category-sleeve-e-lacres-de-seguranca","tag-comprar-sleeve-e-lacres-de-seguranca","tag-distribuidor-de-sleeve-e-lacres-de-seguranca","tag-distribuidora-de-sleeve-e-lacres-de-seguranca","tag-fabrica-de-sleeve-e-lacres-de-seguranca","tag-fabricante-de-sleeve-e-lacres-de-seguranca","tag-fornecedor-de-sleeve-e-lacres-de-seguranca","tag-onde-encontrar-sleeve-e-lacres-de-seguranca","tag-sleeve-e-lacres-de-seguranca-direto-da-fabrica","tag-sleeve-e-lacres-de-seguranca-em-embu-das-artes","tag-sleeve-e-lacres-de-seguranca-em-osasco","tag-sleeve-e-lacres-de-seguranca-em-promocao","tag-sleeve-e-lacres-de-seguranca-em-santo-amaro","tag-sleeve-e-lacres-de-seguranca-em-sao-paulo","tag-sleeve-e-lacres-de-seguranca-em-sp","tag-sleeve-e-lacres-de-seguranca-na-zona-sul","tag-sleeve-e-lacres-de-seguranca-no-abc","tag-sleeve-e-lacres-de-seguranca-no-morumbi","tag-sleeve-e-lacres-de-seguranca-perto-de-mim","tag-sleeve-e-lacres-de-seguranca-preco","tag-sleeve-e-lacres-de-seguranca-proximo-a-mim","latest_post"],"yoast_head":"<!-- This site is optimized with the Yoast SEO plugin v21.2 - https:\/\/yoast.com\/wordpress\/plugins\/seo\/ -->\n<title>Sleeve e lacres de seguran\u00e7a: prote\u00e7\u00e3o e marketing em um s\u00f3 produto - CPR Embalagens<\/title>\n<meta name=\"robots\" content=\"index, follow, max-snippet:-1, max-image-preview:large, max-video-preview:-1\" \/>\n<link rel=\"canonical\" href=\"https:\/\/cprembalagens.com.br\/blog\/sleeve-e-lacres-de-seguranca-protecao-e-marketing-em-um-so-produto\/\" \/>\n<meta property=\"og:locale\" content=\"pt_BR\" \/>\n<meta property=\"og:type\" content=\"article\" \/>\n<meta property=\"og:title\" content=\"Sleeve e lacres de seguran\u00e7a: prote\u00e7\u00e3o e marketing em um s\u00f3 produto - CPR Embalagens\" \/>\n<meta property=\"og:description\" content=\"Tempo de leitura: 3 minutos Descubra como os sleeves e lacres de seguran\u00e7a combinam prote\u00e7\u00e3o e marketing em um \u00fanico produto. Saiba mais sobre suas vantagens e aplica\u00e7\u00f5es! A seguran\u00e7a e a apresenta\u00e7\u00e3o de um produto s\u00e3o fatores essenciais para conquistar a confian\u00e7a e o interesse dos consumidores. Em mercados cada vez mais competitivos, as empresas buscam solu\u00e7\u00f5es que aliem &hellip;\" \/>\n<meta property=\"og:url\" content=\"https:\/\/cprembalagens.com.br\/blog\/sleeve-e-lacres-de-seguranca-protecao-e-marketing-em-um-so-produto\/\" \/>\n<meta property=\"og:site_name\" content=\"CPR Embalagens\" \/>\n<meta property=\"article:published_time\" content=\"2024-11-22T16:59:27+00:00\" \/>\n<meta property=\"article:modified_time\" content=\"2024-11-22T17:00:30+00:00\" \/>\n<meta property=\"og:image\" content=\"https:\/\/cprembalagens.com.br\/blog\/wp-content\/uploads\/2024\/11\/lacre-termo-encolhivel-generico-para-garrafao-de-agua-20-litros.jpg\" \/>\n\t<meta property=\"og:image:width\" content=\"440\" \/>\n\t<meta property=\"og:image:height\" content=\"365\" \/>\n\t<meta property=\"og:image:type\" content=\"image\/jpeg\" \/>\n<meta name=\"author\" content=\"admin\" \/>\n<meta name=\"twitter:card\" content=\"summary_large_image\" \/>\n<meta name=\"twitter:label1\" content=\"Escrito por\" \/>\n\t<meta name=\"twitter:data1\" content=\"admin\" \/>\n\t<meta name=\"twitter:label2\" content=\"Est. tempo de leitura\" \/>\n\t<meta name=\"twitter:data2\" content=\"5 minutos\" \/>\n<script type=\"application\/ld+json\" class=\"yoast-schema-graph\">{\"@context\":\"https:\/\/schema.org\",\"@graph\":[{\"@type\":\"Article\",\"@id\":\"https:\/\/cprembalagens.com.br\/blog\/sleeve-e-lacres-de-seguranca-protecao-e-marketing-em-um-so-produto\/#article\",\"isPartOf\":{\"@id\":\"https:\/\/cprembalagens.com.br\/blog\/sleeve-e-lacres-de-seguranca-protecao-e-marketing-em-um-so-produto\/\"},\"author\":{\"name\":\"admin\",\"@id\":\"https:\/\/cprembalagens.com.br\/blog\/#\/schema\/person\/295d9936f0e92d13351b4b3b044017f2\"},\"headline\":\"Sleeve e lacres de seguran\u00e7a: prote\u00e7\u00e3o e marketing em um s\u00f3 produto\",\"datePublished\":\"2024-11-22T16:59:27+00:00\",\"dateModified\":\"2024-11-22T17:00:30+00:00\",\"mainEntityOfPage\":{\"@id\":\"https:\/\/cprembalagens.com.br\/blog\/sleeve-e-lacres-de-seguranca-protecao-e-marketing-em-um-so-produto\/\"},\"wordCount\":903,\"commentCount\":0,\"publisher\":{\"@id\":\"https:\/\/cprembalagens.com.br\/blog\/#organization\"},\"keywords\":[\"Comprar Sleeve e lacres de seguran\u00e7a\",\"Distribuidor de Sleeve e lacres de seguran\u00e7a\",\"Distribuidora de Sleeve e lacres de seguran\u00e7a\",\"F\u00e1brica de Sleeve e lacres de seguran\u00e7a\",\"Fabricante de Sleeve e lacres de seguran\u00e7a\",\"Fornecedor de Sleeve e lacres de seguran\u00e7a\",\"Onde encontrar Sleeve e lacres de seguran\u00e7a\",\"Sleeve e lacres de seguran\u00e7a direto da f\u00e1brica\",\"Sleeve e lacres de seguran\u00e7a em Embu das Artes\",\"Sleeve e lacres de seguran\u00e7a em Osasco\",\"Sleeve e lacres de seguran\u00e7a em promo\u00e7\u00e3o\",\"Sleeve e lacres de seguran\u00e7a em Santo Amaro\",\"Sleeve e lacres de seguran\u00e7a em S\u00e3o Paulo\",\"Sleeve e lacres de seguran\u00e7a em SP\",\"Sleeve e lacres de seguran\u00e7a na zona sul\",\"Sleeve e lacres de seguran\u00e7a no ABC\",\"Sleeve e lacres de seguran\u00e7a no Morumbi\",\"Sleeve e lacres de seguran\u00e7a perto de mim\",\"Sleeve e lacres de seguran\u00e7a pre\u00e7o\",\"Sleeve e lacres de seguran\u00e7a pr\u00f3ximo a mim\"],\"articleSection\":[\"Sleeve e lacres de seguran\u00e7a\"],\"inLanguage\":\"pt-BR\",\"potentialAction\":[{\"@type\":\"CommentAction\",\"name\":\"Comment\",\"target\":[\"https:\/\/cprembalagens.com.br\/blog\/sleeve-e-lacres-de-seguranca-protecao-e-marketing-em-um-so-produto\/#respond\"]}]},{\"@type\":\"WebPage\",\"@id\":\"https:\/\/cprembalagens.com.br\/blog\/sleeve-e-lacres-de-seguranca-protecao-e-marketing-em-um-so-produto\/\",\"url\":\"https:\/\/cprembalagens.com.br\/blog\/sleeve-e-lacres-de-seguranca-protecao-e-marketing-em-um-so-produto\/\",\"name\":\"Sleeve e lacres de seguran\u00e7a: prote\u00e7\u00e3o e marketing em um s\u00f3 produto - CPR Embalagens\",\"isPartOf\":{\"@id\":\"https:\/\/cprembalagens.com.br\/blog\/#website\"},\"datePublished\":\"2024-11-22T16:59:27+00:00\",\"dateModified\":\"2024-11-22T17:00:30+00:00\",\"breadcrumb\":{\"@id\":\"https:\/\/cprembalagens.com.br\/blog\/sleeve-e-lacres-de-seguranca-protecao-e-marketing-em-um-so-produto\/#breadcrumb\"},\"inLanguage\":\"pt-BR\",\"potentialAction\":[{\"@type\":\"ReadAction\",\"target\":[\"https:\/\/cprembalagens.com.br\/blog\/sleeve-e-lacres-de-seguranca-protecao-e-marketing-em-um-so-produto\/\"]}]},{\"@type\":\"BreadcrumbList\",\"@id\":\"https:\/\/cprembalagens.com.br\/blog\/sleeve-e-lacres-de-seguranca-protecao-e-marketing-em-um-so-produto\/#breadcrumb\",\"itemListElement\":[{\"@type\":\"ListItem\",\"position\":1,\"name\":\"In\u00edcio\",\"item\":\"https:\/\/cprembalagens.com.br\/blog\/\"},{\"@type\":\"ListItem\",\"position\":2,\"name\":\"Sleeve e lacres de seguran\u00e7a: prote\u00e7\u00e3o e marketing em um s\u00f3 produto\"}]},{\"@type\":\"WebSite\",\"@id\":\"https:\/\/cprembalagens.com.br\/blog\/#website\",\"url\":\"https:\/\/cprembalagens.com.br\/blog\/\",\"name\":\"CPR Embalagens\",\"description\":\"Blog - CPR Embalagens\",\"publisher\":{\"@id\":\"https:\/\/cprembalagens.com.br\/blog\/#organization\"},\"potentialAction\":[{\"@type\":\"SearchAction\",\"target\":{\"@type\":\"EntryPoint\",\"urlTemplate\":\"https:\/\/cprembalagens.com.br\/blog\/?s={search_term_string}\"},\"query-input\":\"required name=search_term_string\"}],\"inLanguage\":\"pt-BR\"},{\"@type\":\"Organization\",\"@id\":\"https:\/\/cprembalagens.com.br\/blog\/#organization\",\"name\":\"CPR Embalagens\",\"url\":\"https:\/\/cprembalagens.com.br\/blog\/\",\"logo\":{\"@type\":\"ImageObject\",\"inLanguage\":\"pt-BR\",\"@id\":\"https:\/\/cprembalagens.com.br\/blog\/#\/schema\/logo\/image\/\",\"url\":\"https:\/\/cprembalagens.com.br\/blog\/wp-content\/uploads\/2023\/10\/logo-1.webp\",\"contentUrl\":\"https:\/\/cprembalagens.com.br\/blog\/wp-content\/uploads\/2023\/10\/logo-1.webp\",\"width\":215,\"height\":84,\"caption\":\"CPR Embalagens\"},\"image\":{\"@id\":\"https:\/\/cprembalagens.com.br\/blog\/#\/schema\/logo\/image\/\"}},{\"@type\":\"Person\",\"@id\":\"https:\/\/cprembalagens.com.br\/blog\/#\/schema\/person\/295d9936f0e92d13351b4b3b044017f2\",\"name\":\"admin\",\"image\":{\"@type\":\"ImageObject\",\"inLanguage\":\"pt-BR\",\"@id\":\"https:\/\/cprembalagens.com.br\/blog\/#\/schema\/person\/image\/\",\"url\":\"https:\/\/secure.gravatar.com\/avatar\/3813f53848958b8842eeafda91666185a90010f65ed554379b78794cde6f234a?s=96&d=mm&r=g\",\"contentUrl\":\"https:\/\/secure.gravatar.com\/avatar\/3813f53848958b8842eeafda91666185a90010f65ed554379b78794cde6f234a?s=96&d=mm&r=g\",\"caption\":\"admin\"},\"sameAs\":[\"https:\/\/www.cprembalagens.com.br\/blog\"],\"url\":\"https:\/\/cprembalagens.com.br\/blog\/author\/admin\/\"}]}<\/script>\n<!-- \/ Yoast SEO plugin. -->","yoast_head_json":{"title":"Sleeve e lacres de seguran\u00e7a: prote\u00e7\u00e3o e marketing em um s\u00f3 produto - CPR Embalagens","robots":{"index":"index","follow":"follow","max-snippet":"max-snippet:-1","max-image-preview":"max-image-preview:large","max-video-preview":"max-video-preview:-1"},"canonical":"https:\/\/cprembalagens.com.br\/blog\/sleeve-e-lacres-de-seguranca-protecao-e-marketing-em-um-so-produto\/","og_locale":"pt_BR","og_type":"article","og_title":"Sleeve e lacres de seguran\u00e7a: prote\u00e7\u00e3o e marketing em um s\u00f3 produto - CPR Embalagens","og_description":"Tempo de leitura: 3 minutos Descubra como os sleeves e lacres de seguran\u00e7a combinam prote\u00e7\u00e3o e marketing em um \u00fanico produto. Saiba mais sobre suas vantagens e aplica\u00e7\u00f5es! A seguran\u00e7a e a apresenta\u00e7\u00e3o de um produto s\u00e3o fatores essenciais para conquistar a confian\u00e7a e o interesse dos consumidores. Em mercados cada vez mais competitivos, as empresas buscam solu\u00e7\u00f5es que aliem &hellip;","og_url":"https:\/\/cprembalagens.com.br\/blog\/sleeve-e-lacres-de-seguranca-protecao-e-marketing-em-um-so-produto\/","og_site_name":"CPR Embalagens","article_published_time":"2024-11-22T16:59:27+00:00","article_modified_time":"2024-11-22T17:00:30+00:00","og_image":[{"width":440,"height":365,"url":"https:\/\/cprembalagens.com.br\/blog\/wp-content\/uploads\/2024\/11\/lacre-termo-encolhivel-generico-para-garrafao-de-agua-20-litros.jpg","type":"image\/jpeg"}],"author":"admin","twitter_card":"summary_large_image","twitter_misc":{"Escrito por":"admin","Est. tempo de leitura":"5 minutos"},"schema":{"@context":"https:\/\/schema.org","@graph":[{"@type":"Article","@id":"https:\/\/cprembalagens.com.br\/blog\/sleeve-e-lacres-de-seguranca-protecao-e-marketing-em-um-so-produto\/#article","isPartOf":{"@id":"https:\/\/cprembalagens.com.br\/blog\/sleeve-e-lacres-de-seguranca-protecao-e-marketing-em-um-so-produto\/"},"author":{"name":"admin","@id":"https:\/\/cprembalagens.com.br\/blog\/#\/schema\/person\/295d9936f0e92d13351b4b3b044017f2"},"headline":"Sleeve e lacres de seguran\u00e7a: prote\u00e7\u00e3o e marketing em um s\u00f3 produto","datePublished":"2024-11-22T16:59:27+00:00","dateModified":"2024-11-22T17:00:30+00:00","mainEntityOfPage":{"@id":"https:\/\/cprembalagens.com.br\/blog\/sleeve-e-lacres-de-seguranca-protecao-e-marketing-em-um-so-produto\/"},"wordCount":903,"commentCount":0,"publisher":{"@id":"https:\/\/cprembalagens.com.br\/blog\/#organization"},"keywords":["Comprar Sleeve e lacres de seguran\u00e7a","Distribuidor de Sleeve e lacres de seguran\u00e7a","Distribuidora de Sleeve e lacres de seguran\u00e7a","F\u00e1brica de Sleeve e lacres de seguran\u00e7a","Fabricante de Sleeve e lacres de seguran\u00e7a","Fornecedor de Sleeve e lacres de seguran\u00e7a","Onde encontrar Sleeve e lacres de seguran\u00e7a","Sleeve e lacres de seguran\u00e7a direto da f\u00e1brica","Sleeve e lacres de seguran\u00e7a em Embu das Artes","Sleeve e lacres de seguran\u00e7a em Osasco","Sleeve e lacres de seguran\u00e7a em promo\u00e7\u00e3o","Sleeve e lacres de seguran\u00e7a em Santo Amaro","Sleeve e lacres de seguran\u00e7a em S\u00e3o Paulo","Sleeve e lacres de seguran\u00e7a em SP","Sleeve e lacres de seguran\u00e7a na zona sul","Sleeve e lacres de seguran\u00e7a no ABC","Sleeve e lacres de seguran\u00e7a no Morumbi","Sleeve e lacres de seguran\u00e7a perto de mim","Sleeve e lacres de seguran\u00e7a pre\u00e7o","Sleeve e lacres de seguran\u00e7a pr\u00f3ximo a mim"],"articleSection":["Sleeve e lacres de seguran\u00e7a"],"inLanguage":"pt-BR","potentialAction":[{"@type":"CommentAction","name":"Comment","target":["https:\/\/cprembalagens.com.br\/blog\/sleeve-e-lacres-de-seguranca-protecao-e-marketing-em-um-so-produto\/#respond"]}]},{"@type":"WebPage","@id":"https:\/\/cprembalagens.com.br\/blog\/sleeve-e-lacres-de-seguranca-protecao-e-marketing-em-um-so-produto\/","url":"https:\/\/cprembalagens.com.br\/blog\/sleeve-e-lacres-de-seguranca-protecao-e-marketing-em-um-so-produto\/","name":"Sleeve e lacres de seguran\u00e7a: prote\u00e7\u00e3o e marketing em um s\u00f3 produto - CPR Embalagens","isPartOf":{"@id":"https:\/\/cprembalagens.com.br\/blog\/#website"},"datePublished":"2024-11-22T16:59:27+00:00","dateModified":"2024-11-22T17:00:30+00:00","breadcrumb":{"@id":"https:\/\/cprembalagens.com.br\/blog\/sleeve-e-lacres-de-seguranca-protecao-e-marketing-em-um-so-produto\/#breadcrumb"},"inLanguage":"pt-BR","potentialAction":[{"@type":"ReadAction","target":["https:\/\/cprembalagens.com.br\/blog\/sleeve-e-lacres-de-seguranca-protecao-e-marketing-em-um-so-produto\/"]}]},{"@type":"BreadcrumbList","@id":"https:\/\/cprembalagens.com.br\/blog\/sleeve-e-lacres-de-seguranca-protecao-e-marketing-em-um-so-produto\/#breadcrumb","itemListElement":[{"@type":"ListItem","position":1,"name":"In\u00edcio","item":"https:\/\/cprembalagens.com.br\/blog\/"},{"@type":"ListItem","position":2,"name":"Sleeve e lacres de seguran\u00e7a: prote\u00e7\u00e3o e marketing em um s\u00f3 produto"}]},{"@type":"WebSite","@id":"https:\/\/cprembalagens.com.br\/blog\/#website","url":"https:\/\/cprembalagens.com.br\/blog\/","name":"CPR Embalagens","description":"Blog - CPR Embalagens","publisher":{"@id":"https:\/\/cprembalagens.com.br\/blog\/#organization"},"potentialAction":[{"@type":"SearchAction","target":{"@type":"EntryPoint","urlTemplate":"https:\/\/cprembalagens.com.br\/blog\/?s={search_term_string}"},"query-input":"required name=search_term_string"}],"inLanguage":"pt-BR"},{"@type":"Organization","@id":"https:\/\/cprembalagens.com.br\/blog\/#organization","name":"CPR Embalagens","url":"https:\/\/cprembalagens.com.br\/blog\/","logo":{"@type":"ImageObject","inLanguage":"pt-BR","@id":"https:\/\/cprembalagens.com.br\/blog\/#\/schema\/logo\/image\/","url":"https:\/\/cprembalagens.com.br\/blog\/wp-content\/uploads\/2023\/10\/logo-1.webp","contentUrl":"https:\/\/cprembalagens.com.br\/blog\/wp-content\/uploads\/2023\/10\/logo-1.webp","width":215,"height":84,"caption":"CPR Embalagens"},"image":{"@id":"https:\/\/cprembalagens.com.br\/blog\/#\/schema\/logo\/image\/"}},{"@type":"Person","@id":"https:\/\/cprembalagens.com.br\/blog\/#\/schema\/person\/295d9936f0e92d13351b4b3b044017f2","name":"admin","image":{"@type":"ImageObject","inLanguage":"pt-BR","@id":"https:\/\/cprembalagens.com.br\/blog\/#\/schema\/person\/image\/","url":"https:\/\/secure.gravatar.com\/avatar\/3813f53848958b8842eeafda91666185a90010f65ed554379b78794cde6f234a?s=96&d=mm&r=g","contentUrl":"https:\/\/secure.gravatar.com\/avatar\/3813f53848958b8842eeafda91666185a90010f65ed554379b78794cde6f234a?s=96&d=mm&r=g","caption":"admin"},"sameAs":["https:\/\/www.cprembalagens.com.br\/blog"],"url":"https:\/\/cprembalagens.com.br\/blog\/author\/admin\/"}]}},"_links":{"self":[{"href":"https:\/\/cprembalagens.com.br\/blog\/wp-json\/wp\/v2\/posts\/260","targetHints":{"allow":["GET"]}}],"collection":[{"href":"https:\/\/cprembalagens.com.br\/blog\/wp-json\/wp\/v2\/posts"}],"about":[{"href":"https:\/\/cprembalagens.com.br\/blog\/wp-json\/wp\/v2\/types\/post"}],"author":[{"embeddable":true,"href":"https:\/\/cprembalagens.com.br\/blog\/wp-json\/wp\/v2\/users\/1"}],"replies":[{"embeddable":true,"href":"https:\/\/cprembalagens.com.br\/blog\/wp-json\/wp\/v2\/comments?post=260"}],"version-history":[{"count":1,"href":"https:\/\/cprembalagens.com.br\/blog\/wp-json\/wp\/v2\/posts\/260\/revisions"}],"predecessor-version":[{"id":263,"href":"https:\/\/cprembalagens.com.br\/blog\/wp-json\/wp\/v2\/posts\/260\/revisions\/263"}],"wp:featuredmedia":[{"embeddable":true,"href":"https:\/\/cprembalagens.com.br\/blog\/wp-json\/wp\/v2\/media\/261"}],"wp:attachment":[{"href":"https:\/\/cprembalagens.com.br\/blog\/wp-json\/wp\/v2\/media?parent=260"}],"wp:term":[{"taxonomy":"category","embeddable":true,"href":"https:\/\/cprembalagens.com.br\/blog\/wp-json\/wp\/v2\/categories?post=260"},{"taxonomy":"post_tag","embeddable":true,"href":"https:\/\/cprembalagens.com.br\/blog\/wp-json\/wp\/v2\/tags?post=260"}],"curies":[{"name":"wp","href":"https:\/\/api.w.org\/{rel}","templated":true}]}}