{"id":136,"date":"2024-04-26T18:35:24","date_gmt":"2024-04-26T18:35:24","guid":{"rendered":"https:\/\/cprembalagens.com.br\/blog\/?p=136"},"modified":"2024-04-26T18:35:42","modified_gmt":"2024-04-26T18:35:42","slug":"lacre-termo-retratil-transparente-onde-encontrar-as-opcoes-ideais-para-sua-empresa","status":"publish","type":"post","link":"https:\/\/cprembalagens.com.br\/blog\/lacre-termo-retratil-transparente-onde-encontrar-as-opcoes-ideais-para-sua-empresa\/","title":{"rendered":"Lacre termo retr\u00e1til transparente: onde encontrar as op\u00e7\u00f5es ideais para sua empresa"},"content":{"rendered":"<span class=\"rt-reading-time\" style=\"display: block;\"><span class=\"rt-label rt-prefix\">Tempo de leitura: <\/span> <span class=\"rt-time\">2<\/span> <span class=\"rt-label rt-postfix\">minutos<\/span><\/span>\n<p class=\"has-medium-font-size\"><strong>O lacre termo retr\u00e1til transparente \u00e9 uma op\u00e7\u00e3o essencial para atender as necessidades de seguran\u00e7a de produtos at\u00e9 a chegada ao cliente final.<\/strong><\/p>\n\n\n\n<p>Em um mercado cada vez mais competitivo, a seguran\u00e7a e a qualidade dos produtos s\u00e3o aspectos fundamentais para o sucesso de qualquer empresa. O consumidor de hoje busca por itens que transmitam confiabilidade e que estejam protegidos contra viola\u00e7\u00f5es e adultera\u00e7\u00f5es.<\/p>\n\n\n\n<p>\u00c9 nesse contexto que o lacre termo retr\u00e1til transparente se destaca como uma solu\u00e7\u00e3o inovadora e eficaz para garantir a inviolabilidade das embalagens.<\/p>\n\n\n\n<p>Mas como identificar as op\u00e7\u00f5es ideais para atender \u00e0s demandas espec\u00edficas de sua empresa? Siga neste artigo com a CPR Embalagens e tire todas as suas d\u00favidas.<\/p>\n\n\n\n<div id=\"ez-toc-container\" class=\"ez-toc-v2_0_62 counter-hierarchy ez-toc-counter ez-toc-grey ez-toc-container-direction\">\n<div class=\"ez-toc-title-container\">\n<p class=\"ez-toc-title \" >T&oacute;picos do artigo<\/p>\n<span class=\"ez-toc-title-toggle\"><a href=\"#\" class=\"ez-toc-pull-right ez-toc-btn ez-toc-btn-xs ez-toc-btn-default ez-toc-toggle\" aria-label=\"Toggle Table of Content\"><span class=\"ez-toc-js-icon-con\"><span class=\"\"><span class=\"eztoc-hide\" style=\"display:none;\">Toggle<\/span><span class=\"ez-toc-icon-toggle-span\"><svg style=\"fill: #999;color:#999\" xmlns=\"http:\/\/www.w3.org\/2000\/svg\" class=\"list-377408\" width=\"20px\" height=\"20px\" viewBox=\"0 0 24 24\" fill=\"none\"><path d=\"M6 6H4v2h2V6zm14 0H8v2h12V6zM4 11h2v2H4v-2zm16 0H8v2h12v-2zM4 16h2v2H4v-2zm16 0H8v2h12v-2z\" fill=\"currentColor\"><\/path><\/svg><svg style=\"fill: #999;color:#999\" class=\"arrow-unsorted-368013\" xmlns=\"http:\/\/www.w3.org\/2000\/svg\" width=\"10px\" height=\"10px\" viewBox=\"0 0 24 24\" version=\"1.2\" baseProfile=\"tiny\"><path d=\"M18.2 9.3l-6.2-6.3-6.2 6.3c-.2.2-.3.4-.3.7s.1.5.3.7c.2.2.4.3.7.3h11c.3 0 .5-.1.7-.3.2-.2.3-.5.3-.7s-.1-.5-.3-.7zM5.8 14.7l6.2 6.3 6.2-6.3c.2-.2.3-.5.3-.7s-.1-.5-.3-.7c-.2-.2-.4-.3-.7-.3h-11c-.3 0-.5.1-.7.3-.2.2-.3.5-.3.7s.1.5.3.7z\"\/><\/svg><\/span><\/span><\/span><\/a><\/span><\/div>\n<nav><ul class='ez-toc-list ez-toc-list-level-1 ' ><li class='ez-toc-page-1 ez-toc-heading-level-2'><a class=\"ez-toc-link ez-toc-heading-1\" href=\"https:\/\/cprembalagens.com.br\/blog\/lacre-termo-retratil-transparente-onde-encontrar-as-opcoes-ideais-para-sua-empresa\/#Como_saber_que_o_lacre_termo_retratil_transparente_e_a_opcao_ideal\" title=\"Como saber que o lacre termo retr\u00e1til transparente \u00e9 a op\u00e7\u00e3o ideal?\">Como saber que o lacre termo retr\u00e1til transparente \u00e9 a op\u00e7\u00e3o ideal?<\/a><ul class='ez-toc-list-level-3' ><li class='ez-toc-heading-level-3'><a class=\"ez-toc-link ez-toc-heading-2\" href=\"https:\/\/cprembalagens.com.br\/blog\/lacre-termo-retratil-transparente-onde-encontrar-as-opcoes-ideais-para-sua-empresa\/#Quais_as_principais_aplicacoes_do_lacre_termo_retratil_transparente\" title=\"Quais as principais aplica\u00e7\u00f5es do lacre termo retr\u00e1til transparente?\">Quais as principais aplica\u00e7\u00f5es do lacre termo retr\u00e1til transparente?<\/a><\/li><\/ul><\/li><li class='ez-toc-page-1 ez-toc-heading-level-2'><a class=\"ez-toc-link ez-toc-heading-3\" href=\"https:\/\/cprembalagens.com.br\/blog\/lacre-termo-retratil-transparente-onde-encontrar-as-opcoes-ideais-para-sua-empresa\/#Conheca_as_principais_vantagens_desse_tipo_de_lacre\" title=\"Conhe\u00e7a as principais vantagens desse tipo de lacre\">Conhe\u00e7a as principais vantagens desse tipo de lacre<\/a><ul class='ez-toc-list-level-3' ><li class='ez-toc-heading-level-3'><a class=\"ez-toc-link ez-toc-heading-4\" href=\"https:\/\/cprembalagens.com.br\/blog\/lacre-termo-retratil-transparente-onde-encontrar-as-opcoes-ideais-para-sua-empresa\/#Entre_em_contato_com_a_CPR_Embalagens\" title=\"Entre em contato com a CPR Embalagens!\">Entre em contato com a CPR Embalagens!<\/a><\/li><\/ul><\/li><\/ul><\/nav><\/div>\n<h2 class=\"wp-block-heading\"><span class=\"ez-toc-section\" id=\"Como_saber_que_o_lacre_termo_retratil_transparente_e_a_opcao_ideal\"><\/span>Como saber que o lacre termo retr\u00e1til transparente \u00e9 a op\u00e7\u00e3o ideal?<span class=\"ez-toc-section-end\"><\/span><\/h2>\n\n\n\n<p>Identificar a escolha certa de lacre para sua empresa pode parecer uma tarefa desafiadora. No entanto, ao considerar as caracter\u00edsticas do lacre termo retr\u00e1til transparente, fica evidente por que essa op\u00e7\u00e3o \u00e9 t\u00e3o popular e eficaz.<\/p>\n\n\n\n<p>Primeiramente, a transpar\u00eancia do material permite que os consumidores visualizem o produto sem comprometer a seguran\u00e7a do pacote. Isso \u00e9 particularmente importante em setores como alimentos e bebidas, onde a integridade do produto \u00e9 crucial.<\/p>\n\n\n\n<p>Al\u00e9m disso, a aplica\u00e7\u00e3o do lacre termo retr\u00e1til \u00e9 simples e r\u00e1pida, proporcionando efici\u00eancia nos processos de embalagem.<\/p>\n\n\n\n<p>A resist\u00eancia do material termo retr\u00e1til tamb\u00e9m \u00e9 digna de nota. Ele pode suportar uma variedade de condi\u00e7\u00f5es ambientais, garantindo que o produto permane\u00e7a protegido durante o transporte e o armazenamento.<\/p>\n\n\n\n<p>Sua capacidade de retrair-se uniformemente em torno do objeto cria uma veda\u00e7\u00e3o confi\u00e1vel que minimiza o risco de adultera\u00e7\u00e3o ou viola\u00e7\u00e3o.<\/p>\n\n\n\n<h3 class=\"wp-block-heading\"><span class=\"ez-toc-section\" id=\"Quais_as_principais_aplicacoes_do_lacre_termo_retratil_transparente\"><\/span>Quais as principais aplica\u00e7\u00f5es do lacre termo retr\u00e1til transparente?<span class=\"ez-toc-section-end\"><\/span><\/h3>\n\n\n<div class=\"wp-block-image is-style-rounded\">\n<figure class=\"alignright size-full is-resized\"><img decoding=\"async\" width=\"298\" height=\"215\" src=\"https:\/\/cprembalagens.com.br\/blog\/wp-content\/uploads\/2023\/10\/lacre-pet-termo-retratil-alto-ancolhimento.webp\" alt=\"\" class=\"wp-image-25\" style=\"width:257px;height:auto\"\/><\/figure>\n<\/div>\n\n\n<p>O lacre termo retr\u00e1til transparente possui uma ampla gama de aplica\u00e7\u00f5es, podendo ser utilizado em diversos tipos de embalagens, como:<\/p>\n\n\n\n<ul class=\"wp-block-list\">\n<li><strong>Garrafas de vidro e pl\u00e1stico:<\/strong> ideal para bebidas, sucos, temperos, produtos farmac\u00eauticos e cosm\u00e9ticos.<\/li>\n\n\n\n<li><strong>Potes e frascos: <\/strong>completamente perfeito para alimentos, conservas, doces e produtos de higiene pessoal.<\/li>\n\n\n\n<li><strong>Tampas e bocais: <\/strong>garante a seguran\u00e7a de diversos produtos, como tintas, produtos qu\u00edmicos e lubrificantes.<\/li>\n\n\n\n<li><strong>Paletizadores e unitizadores: <\/strong>auxilia na organiza\u00e7\u00e3o e prote\u00e7\u00e3o de cargas durante o transporte e armazenamento.<\/li>\n<\/ul>\n\n\n\n<h2 class=\"wp-block-heading\"><span class=\"ez-toc-section\" id=\"Conheca_as_principais_vantagens_desse_tipo_de_lacre\"><\/span>Conhe\u00e7a as principais vantagens desse tipo de lacre<span class=\"ez-toc-section-end\"><\/span><\/h2>\n\n\n\n<p>As vantagens do lacre termo retr\u00e1til transparente s\u00e3o in\u00fameras, contribuindo para sua popularidade e ampla aplica\u00e7\u00e3o em diversos setores. Algumas das vantagens mais significativas incluem:<\/p>\n\n\n\n<ul class=\"wp-block-list\">\n<li><strong>Alta resist\u00eancia:<\/strong> resistente a rupturas e rasgos, garantindo a inviolabilidade da embalagem.<\/li>\n\n\n\n<li><strong>F\u00e1cil aplica\u00e7\u00e3o: <\/strong>pode ser aplicado manualmente ou com m\u00e1quinas autom\u00e1ticas, otimizando o processo de embalagem.<\/li>\n\n\n\n<li><strong>Versatilidade: <\/strong>adapt\u00e1vel a diversos formatos e tamanhos de embalagens.<\/li>\n\n\n\n<li><strong>Efic\u00e1cia contra falsifica\u00e7\u00f5es:<\/strong> dificulta a falsifica\u00e7\u00e3o de produtos, protegendo sua marca e reputa\u00e7\u00e3o.<\/li>\n\n\n\n<li><strong>Apelo visual: <\/strong>contribui para a est\u00e9tica da embalagem, valorizando o produto e atraindo a aten\u00e7\u00e3o do consumidor.<\/li>\n<\/ul>\n\n\n\n<h3 class=\"wp-block-heading\"><span class=\"ez-toc-section\" id=\"Entre_em_contato_com_a_CPR_Embalagens\"><\/span>Entre em contato com a CPR Embalagens!<span class=\"ez-toc-section-end\"><\/span><\/h3>\n\n\n\n<p>Para adquirir os melhores lacres termo retr\u00e1teis transparentes para sua empresa, <a href=\"https:\/\/www.cprembalagens.com.br\/contato\" target=\"_blank\" rel=\"noreferrer noopener\">entre em contato<\/a> com a CPR Embalagens!<\/p>\n\n\n\n<p>Gostou do conte\u00fado? Ent\u00e3o, leia mais artigos como esse em nosso <a href=\"http:\/\/www.cprembalagens.com.br\/blog\" target=\"_blank\" rel=\"noreferrer noopener\">blog<\/a>!<\/p>\n","protected":false},"excerpt":{"rendered":"<p><span class=\"rt-reading-time\" style=\"display: block;\"><span class=\"rt-label rt-prefix\">Tempo de leitura: <\/span> <span class=\"rt-time\">2<\/span> <span class=\"rt-label rt-postfix\">minutos<\/span><\/span> O lacre termo retr\u00e1til transparente \u00e9 uma op\u00e7\u00e3o essencial para atender as necessidades de seguran\u00e7a de produtos at\u00e9 a chegada ao cliente final. Em um mercado cada vez mais competitivo, a seguran\u00e7a e a qualidade dos produtos s\u00e3o aspectos fundamentais para o sucesso de qualquer empresa. O consumidor de hoje busca por itens que transmitam &hellip; <\/p>\n","protected":false},"author":1,"featured_media":137,"comment_status":"open","ping_status":"open","sticky":false,"template":"","format":"standard","meta":{"footnotes":""},"categories":[3],"tags":[644,648,649,645,646,647,656,660,661,655,662,652,651,653,654,659,657,650,658,643],"class_list":["post-136","post","type-post","status-publish","format-standard","has-post-thumbnail","hentry","category-lacres","tag-comprar-lacre-termo-retratil-transparente","tag-distribuidor-de-lacre-termo-retratil-transparente","tag-distribuidora-de-lacre-termo-retratil-transparente","tag-fabrica-de-lacre-termo-retratil-transparente","tag-fabricante-de-lacre-termo-retratil-transparente","tag-fornecedor-de-lacre-termo-retratil-transparente","tag-lacre-termo-retratil-transparente-direto-da-fabrica","tag-lacre-termo-retratil-transparente-em-embu-das-artes","tag-lacre-termo-retratil-transparente-em-osasco","tag-lacre-termo-retratil-transparente-em-promocao","tag-lacre-termo-retratil-transparente-em-santo-amaro","tag-lacre-termo-retratil-transparente-em-sao-paulo","tag-lacre-termo-retratil-transparente-em-sp","tag-lacre-termo-retratil-transparente-na-zona-sul","tag-lacre-termo-retratil-transparente-no-abc","tag-lacre-termo-retratil-transparente-no-morumbi","tag-lacre-termo-retratil-transparente-perto-de-mim","tag-lacre-termo-retratil-transparente-preco","tag-lacre-termo-retratil-transparente-proximo-a-mim","tag-onde-encontrar-lacre-termo-retratil-transparente","latest_post"],"yoast_head":"<!-- This site is optimized with the Yoast SEO plugin v21.2 - https:\/\/yoast.com\/wordpress\/plugins\/seo\/ -->\n<title>Lacre termo retr\u00e1til transparente: onde encontrar as op\u00e7\u00f5es ideais para sua empresa - CPR Embalagens<\/title>\n<meta name=\"description\" content=\"O lacre termo retr\u00e1til transparente \u00e9 uma op\u00e7\u00e3o essencial para atender as necessidades de seguran\u00e7a de produtos at\u00e9 a chegada ao cliente final.\" \/>\n<meta name=\"robots\" content=\"index, follow, max-snippet:-1, max-image-preview:large, max-video-preview:-1\" \/>\n<link rel=\"canonical\" href=\"https:\/\/cprembalagens.com.br\/blog\/lacre-termo-retratil-transparente-onde-encontrar-as-opcoes-ideais-para-sua-empresa\/\" \/>\n<meta property=\"og:locale\" content=\"pt_BR\" \/>\n<meta property=\"og:type\" content=\"article\" \/>\n<meta property=\"og:title\" content=\"Lacre termo retr\u00e1til transparente: onde encontrar as op\u00e7\u00f5es ideais para sua empresa - CPR Embalagens\" \/>\n<meta property=\"og:description\" content=\"O lacre termo retr\u00e1til transparente \u00e9 uma op\u00e7\u00e3o essencial para atender as necessidades de seguran\u00e7a de produtos at\u00e9 a chegada ao cliente final.\" \/>\n<meta property=\"og:url\" content=\"https:\/\/cprembalagens.com.br\/blog\/lacre-termo-retratil-transparente-onde-encontrar-as-opcoes-ideais-para-sua-empresa\/\" \/>\n<meta property=\"og:site_name\" content=\"CPR Embalagens\" \/>\n<meta property=\"article:published_time\" content=\"2024-04-26T18:35:24+00:00\" \/>\n<meta property=\"article:modified_time\" content=\"2024-04-26T18:35:42+00:00\" \/>\n<meta property=\"og:image\" content=\"https:\/\/cprembalagens.com.br\/blog\/wp-content\/uploads\/2024\/04\/17326457-1.jpg\" \/>\n\t<meta property=\"og:image:width\" content=\"1000\" \/>\n\t<meta property=\"og:image:height\" content=\"797\" \/>\n\t<meta property=\"og:image:type\" content=\"image\/jpeg\" \/>\n<meta name=\"author\" content=\"admin\" \/>\n<meta name=\"twitter:card\" content=\"summary_large_image\" \/>\n<meta name=\"twitter:label1\" content=\"Escrito por\" \/>\n\t<meta name=\"twitter:data1\" content=\"admin\" \/>\n\t<meta name=\"twitter:label2\" content=\"Est. tempo de leitura\" \/>\n\t<meta name=\"twitter:data2\" content=\"3 minutos\" \/>\n<script type=\"application\/ld+json\" class=\"yoast-schema-graph\">{\"@context\":\"https:\/\/schema.org\",\"@graph\":[{\"@type\":\"Article\",\"@id\":\"https:\/\/cprembalagens.com.br\/blog\/lacre-termo-retratil-transparente-onde-encontrar-as-opcoes-ideais-para-sua-empresa\/#article\",\"isPartOf\":{\"@id\":\"https:\/\/cprembalagens.com.br\/blog\/lacre-termo-retratil-transparente-onde-encontrar-as-opcoes-ideais-para-sua-empresa\/\"},\"author\":{\"name\":\"admin\",\"@id\":\"https:\/\/cprembalagens.com.br\/blog\/#\/schema\/person\/295d9936f0e92d13351b4b3b044017f2\"},\"headline\":\"Lacre termo retr\u00e1til transparente: onde encontrar as op\u00e7\u00f5es ideais para sua empresa\",\"datePublished\":\"2024-04-26T18:35:24+00:00\",\"dateModified\":\"2024-04-26T18:35:42+00:00\",\"mainEntityOfPage\":{\"@id\":\"https:\/\/cprembalagens.com.br\/blog\/lacre-termo-retratil-transparente-onde-encontrar-as-opcoes-ideais-para-sua-empresa\/\"},\"wordCount\":561,\"commentCount\":0,\"publisher\":{\"@id\":\"https:\/\/cprembalagens.com.br\/blog\/#organization\"},\"keywords\":[\"Comprar Lacre termo retr\u00e1til transparente\",\"Distribuidor de Lacre termo retr\u00e1til transparente\",\"Distribuidora de Lacre termo retr\u00e1til transparente\",\"F\u00e1brica de Lacre termo retr\u00e1til transparente\",\"Fabricante de Lacre termo retr\u00e1til transparente\",\"Fornecedor de Lacre termo retr\u00e1til transparente\",\"Lacre termo retr\u00e1til transparente direto da f\u00e1brica\",\"Lacre termo retr\u00e1til transparente em Embu das Artes\",\"Lacre termo retr\u00e1til transparente em Osasco\",\"Lacre termo retr\u00e1til transparente em promo\u00e7\u00e3o\",\"Lacre termo retr\u00e1til transparente em Santo Amaro\",\"Lacre termo retr\u00e1til transparente em S\u00e3o Paulo\",\"Lacre termo retr\u00e1til transparente em SP\",\"Lacre termo retr\u00e1til transparente na zona sul\",\"Lacre termo retr\u00e1til transparente no ABC\",\"Lacre termo retr\u00e1til transparente no Morumbi\",\"Lacre termo retr\u00e1til transparente perto de mim\",\"Lacre termo retr\u00e1til transparente pre\u00e7o\",\"Lacre termo retr\u00e1til transparente pr\u00f3ximo a mim\",\"Onde encontrar Lacre termo retr\u00e1til transparente\"],\"articleSection\":[\"Lacres\"],\"inLanguage\":\"pt-BR\",\"potentialAction\":[{\"@type\":\"CommentAction\",\"name\":\"Comment\",\"target\":[\"https:\/\/cprembalagens.com.br\/blog\/lacre-termo-retratil-transparente-onde-encontrar-as-opcoes-ideais-para-sua-empresa\/#respond\"]}]},{\"@type\":\"WebPage\",\"@id\":\"https:\/\/cprembalagens.com.br\/blog\/lacre-termo-retratil-transparente-onde-encontrar-as-opcoes-ideais-para-sua-empresa\/\",\"url\":\"https:\/\/cprembalagens.com.br\/blog\/lacre-termo-retratil-transparente-onde-encontrar-as-opcoes-ideais-para-sua-empresa\/\",\"name\":\"Lacre termo retr\u00e1til transparente: onde encontrar as op\u00e7\u00f5es ideais para sua empresa - CPR Embalagens\",\"isPartOf\":{\"@id\":\"https:\/\/cprembalagens.com.br\/blog\/#website\"},\"datePublished\":\"2024-04-26T18:35:24+00:00\",\"dateModified\":\"2024-04-26T18:35:42+00:00\",\"description\":\"O lacre termo retr\u00e1til transparente \u00e9 uma op\u00e7\u00e3o essencial para atender as necessidades de seguran\u00e7a de produtos at\u00e9 a chegada ao cliente final.\",\"breadcrumb\":{\"@id\":\"https:\/\/cprembalagens.com.br\/blog\/lacre-termo-retratil-transparente-onde-encontrar-as-opcoes-ideais-para-sua-empresa\/#breadcrumb\"},\"inLanguage\":\"pt-BR\",\"potentialAction\":[{\"@type\":\"ReadAction\",\"target\":[\"https:\/\/cprembalagens.com.br\/blog\/lacre-termo-retratil-transparente-onde-encontrar-as-opcoes-ideais-para-sua-empresa\/\"]}]},{\"@type\":\"BreadcrumbList\",\"@id\":\"https:\/\/cprembalagens.com.br\/blog\/lacre-termo-retratil-transparente-onde-encontrar-as-opcoes-ideais-para-sua-empresa\/#breadcrumb\",\"itemListElement\":[{\"@type\":\"ListItem\",\"position\":1,\"name\":\"In\u00edcio\",\"item\":\"https:\/\/cprembalagens.com.br\/blog\/\"},{\"@type\":\"ListItem\",\"position\":2,\"name\":\"Lacre termo retr\u00e1til transparente: onde encontrar as op\u00e7\u00f5es ideais para sua empresa\"}]},{\"@type\":\"WebSite\",\"@id\":\"https:\/\/cprembalagens.com.br\/blog\/#website\",\"url\":\"https:\/\/cprembalagens.com.br\/blog\/\",\"name\":\"CPR Embalagens\",\"description\":\"Blog - CPR Embalagens\",\"publisher\":{\"@id\":\"https:\/\/cprembalagens.com.br\/blog\/#organization\"},\"potentialAction\":[{\"@type\":\"SearchAction\",\"target\":{\"@type\":\"EntryPoint\",\"urlTemplate\":\"https:\/\/cprembalagens.com.br\/blog\/?s={search_term_string}\"},\"query-input\":\"required name=search_term_string\"}],\"inLanguage\":\"pt-BR\"},{\"@type\":\"Organization\",\"@id\":\"https:\/\/cprembalagens.com.br\/blog\/#organization\",\"name\":\"CPR Embalagens\",\"url\":\"https:\/\/cprembalagens.com.br\/blog\/\",\"logo\":{\"@type\":\"ImageObject\",\"inLanguage\":\"pt-BR\",\"@id\":\"https:\/\/cprembalagens.com.br\/blog\/#\/schema\/logo\/image\/\",\"url\":\"https:\/\/cprembalagens.com.br\/blog\/wp-content\/uploads\/2023\/10\/logo-1.webp\",\"contentUrl\":\"https:\/\/cprembalagens.com.br\/blog\/wp-content\/uploads\/2023\/10\/logo-1.webp\",\"width\":215,\"height\":84,\"caption\":\"CPR Embalagens\"},\"image\":{\"@id\":\"https:\/\/cprembalagens.com.br\/blog\/#\/schema\/logo\/image\/\"}},{\"@type\":\"Person\",\"@id\":\"https:\/\/cprembalagens.com.br\/blog\/#\/schema\/person\/295d9936f0e92d13351b4b3b044017f2\",\"name\":\"admin\",\"image\":{\"@type\":\"ImageObject\",\"inLanguage\":\"pt-BR\",\"@id\":\"https:\/\/cprembalagens.com.br\/blog\/#\/schema\/person\/image\/\",\"url\":\"https:\/\/secure.gravatar.com\/avatar\/3813f53848958b8842eeafda91666185a90010f65ed554379b78794cde6f234a?s=96&d=mm&r=g\",\"contentUrl\":\"https:\/\/secure.gravatar.com\/avatar\/3813f53848958b8842eeafda91666185a90010f65ed554379b78794cde6f234a?s=96&d=mm&r=g\",\"caption\":\"admin\"},\"sameAs\":[\"https:\/\/www.cprembalagens.com.br\/blog\"],\"url\":\"https:\/\/cprembalagens.com.br\/blog\/author\/admin\/\"}]}<\/script>\n<!-- \/ Yoast SEO plugin. -->","yoast_head_json":{"title":"Lacre termo retr\u00e1til transparente: onde encontrar as op\u00e7\u00f5es ideais para sua empresa - CPR Embalagens","description":"O lacre termo retr\u00e1til transparente \u00e9 uma op\u00e7\u00e3o essencial para atender as necessidades de seguran\u00e7a de produtos at\u00e9 a chegada ao cliente final.","robots":{"index":"index","follow":"follow","max-snippet":"max-snippet:-1","max-image-preview":"max-image-preview:large","max-video-preview":"max-video-preview:-1"},"canonical":"https:\/\/cprembalagens.com.br\/blog\/lacre-termo-retratil-transparente-onde-encontrar-as-opcoes-ideais-para-sua-empresa\/","og_locale":"pt_BR","og_type":"article","og_title":"Lacre termo retr\u00e1til transparente: onde encontrar as op\u00e7\u00f5es ideais para sua empresa - CPR Embalagens","og_description":"O lacre termo retr\u00e1til transparente \u00e9 uma op\u00e7\u00e3o essencial para atender as necessidades de seguran\u00e7a de produtos at\u00e9 a chegada ao cliente final.","og_url":"https:\/\/cprembalagens.com.br\/blog\/lacre-termo-retratil-transparente-onde-encontrar-as-opcoes-ideais-para-sua-empresa\/","og_site_name":"CPR Embalagens","article_published_time":"2024-04-26T18:35:24+00:00","article_modified_time":"2024-04-26T18:35:42+00:00","og_image":[{"width":1000,"height":797,"url":"https:\/\/cprembalagens.com.br\/blog\/wp-content\/uploads\/2024\/04\/17326457-1.jpg","type":"image\/jpeg"}],"author":"admin","twitter_card":"summary_large_image","twitter_misc":{"Escrito por":"admin","Est. tempo de leitura":"3 minutos"},"schema":{"@context":"https:\/\/schema.org","@graph":[{"@type":"Article","@id":"https:\/\/cprembalagens.com.br\/blog\/lacre-termo-retratil-transparente-onde-encontrar-as-opcoes-ideais-para-sua-empresa\/#article","isPartOf":{"@id":"https:\/\/cprembalagens.com.br\/blog\/lacre-termo-retratil-transparente-onde-encontrar-as-opcoes-ideais-para-sua-empresa\/"},"author":{"name":"admin","@id":"https:\/\/cprembalagens.com.br\/blog\/#\/schema\/person\/295d9936f0e92d13351b4b3b044017f2"},"headline":"Lacre termo retr\u00e1til transparente: onde encontrar as op\u00e7\u00f5es ideais para sua empresa","datePublished":"2024-04-26T18:35:24+00:00","dateModified":"2024-04-26T18:35:42+00:00","mainEntityOfPage":{"@id":"https:\/\/cprembalagens.com.br\/blog\/lacre-termo-retratil-transparente-onde-encontrar-as-opcoes-ideais-para-sua-empresa\/"},"wordCount":561,"commentCount":0,"publisher":{"@id":"https:\/\/cprembalagens.com.br\/blog\/#organization"},"keywords":["Comprar Lacre termo retr\u00e1til transparente","Distribuidor de Lacre termo retr\u00e1til transparente","Distribuidora de Lacre termo retr\u00e1til transparente","F\u00e1brica de Lacre termo retr\u00e1til transparente","Fabricante de Lacre termo retr\u00e1til transparente","Fornecedor de Lacre termo retr\u00e1til transparente","Lacre termo retr\u00e1til transparente direto da f\u00e1brica","Lacre termo retr\u00e1til transparente em Embu das Artes","Lacre termo retr\u00e1til transparente em Osasco","Lacre termo retr\u00e1til transparente em promo\u00e7\u00e3o","Lacre termo retr\u00e1til transparente em Santo Amaro","Lacre termo retr\u00e1til transparente em S\u00e3o Paulo","Lacre termo retr\u00e1til transparente em SP","Lacre termo retr\u00e1til transparente na zona sul","Lacre termo retr\u00e1til transparente no ABC","Lacre termo retr\u00e1til transparente no Morumbi","Lacre termo retr\u00e1til transparente perto de mim","Lacre termo retr\u00e1til transparente pre\u00e7o","Lacre termo retr\u00e1til transparente pr\u00f3ximo a mim","Onde encontrar Lacre termo retr\u00e1til transparente"],"articleSection":["Lacres"],"inLanguage":"pt-BR","potentialAction":[{"@type":"CommentAction","name":"Comment","target":["https:\/\/cprembalagens.com.br\/blog\/lacre-termo-retratil-transparente-onde-encontrar-as-opcoes-ideais-para-sua-empresa\/#respond"]}]},{"@type":"WebPage","@id":"https:\/\/cprembalagens.com.br\/blog\/lacre-termo-retratil-transparente-onde-encontrar-as-opcoes-ideais-para-sua-empresa\/","url":"https:\/\/cprembalagens.com.br\/blog\/lacre-termo-retratil-transparente-onde-encontrar-as-opcoes-ideais-para-sua-empresa\/","name":"Lacre termo retr\u00e1til transparente: onde encontrar as op\u00e7\u00f5es ideais para sua empresa - CPR Embalagens","isPartOf":{"@id":"https:\/\/cprembalagens.com.br\/blog\/#website"},"datePublished":"2024-04-26T18:35:24+00:00","dateModified":"2024-04-26T18:35:42+00:00","description":"O lacre termo retr\u00e1til transparente \u00e9 uma op\u00e7\u00e3o essencial para atender as necessidades de seguran\u00e7a de produtos at\u00e9 a chegada ao cliente final.","breadcrumb":{"@id":"https:\/\/cprembalagens.com.br\/blog\/lacre-termo-retratil-transparente-onde-encontrar-as-opcoes-ideais-para-sua-empresa\/#breadcrumb"},"inLanguage":"pt-BR","potentialAction":[{"@type":"ReadAction","target":["https:\/\/cprembalagens.com.br\/blog\/lacre-termo-retratil-transparente-onde-encontrar-as-opcoes-ideais-para-sua-empresa\/"]}]},{"@type":"BreadcrumbList","@id":"https:\/\/cprembalagens.com.br\/blog\/lacre-termo-retratil-transparente-onde-encontrar-as-opcoes-ideais-para-sua-empresa\/#breadcrumb","itemListElement":[{"@type":"ListItem","position":1,"name":"In\u00edcio","item":"https:\/\/cprembalagens.com.br\/blog\/"},{"@type":"ListItem","position":2,"name":"Lacre termo retr\u00e1til transparente: onde encontrar as op\u00e7\u00f5es ideais para sua empresa"}]},{"@type":"WebSite","@id":"https:\/\/cprembalagens.com.br\/blog\/#website","url":"https:\/\/cprembalagens.com.br\/blog\/","name":"CPR Embalagens","description":"Blog - CPR Embalagens","publisher":{"@id":"https:\/\/cprembalagens.com.br\/blog\/#organization"},"potentialAction":[{"@type":"SearchAction","target":{"@type":"EntryPoint","urlTemplate":"https:\/\/cprembalagens.com.br\/blog\/?s={search_term_string}"},"query-input":"required name=search_term_string"}],"inLanguage":"pt-BR"},{"@type":"Organization","@id":"https:\/\/cprembalagens.com.br\/blog\/#organization","name":"CPR Embalagens","url":"https:\/\/cprembalagens.com.br\/blog\/","logo":{"@type":"ImageObject","inLanguage":"pt-BR","@id":"https:\/\/cprembalagens.com.br\/blog\/#\/schema\/logo\/image\/","url":"https:\/\/cprembalagens.com.br\/blog\/wp-content\/uploads\/2023\/10\/logo-1.webp","contentUrl":"https:\/\/cprembalagens.com.br\/blog\/wp-content\/uploads\/2023\/10\/logo-1.webp","width":215,"height":84,"caption":"CPR Embalagens"},"image":{"@id":"https:\/\/cprembalagens.com.br\/blog\/#\/schema\/logo\/image\/"}},{"@type":"Person","@id":"https:\/\/cprembalagens.com.br\/blog\/#\/schema\/person\/295d9936f0e92d13351b4b3b044017f2","name":"admin","image":{"@type":"ImageObject","inLanguage":"pt-BR","@id":"https:\/\/cprembalagens.com.br\/blog\/#\/schema\/person\/image\/","url":"https:\/\/secure.gravatar.com\/avatar\/3813f53848958b8842eeafda91666185a90010f65ed554379b78794cde6f234a?s=96&d=mm&r=g","contentUrl":"https:\/\/secure.gravatar.com\/avatar\/3813f53848958b8842eeafda91666185a90010f65ed554379b78794cde6f234a?s=96&d=mm&r=g","caption":"admin"},"sameAs":["https:\/\/www.cprembalagens.com.br\/blog"],"url":"https:\/\/cprembalagens.com.br\/blog\/author\/admin\/"}]}},"_links":{"self":[{"href":"https:\/\/cprembalagens.com.br\/blog\/wp-json\/wp\/v2\/posts\/136","targetHints":{"allow":["GET"]}}],"collection":[{"href":"https:\/\/cprembalagens.com.br\/blog\/wp-json\/wp\/v2\/posts"}],"about":[{"href":"https:\/\/cprembalagens.com.br\/blog\/wp-json\/wp\/v2\/types\/post"}],"author":[{"embeddable":true,"href":"https:\/\/cprembalagens.com.br\/blog\/wp-json\/wp\/v2\/users\/1"}],"replies":[{"embeddable":true,"href":"https:\/\/cprembalagens.com.br\/blog\/wp-json\/wp\/v2\/comments?post=136"}],"version-history":[{"count":1,"href":"https:\/\/cprembalagens.com.br\/blog\/wp-json\/wp\/v2\/posts\/136\/revisions"}],"predecessor-version":[{"id":138,"href":"https:\/\/cprembalagens.com.br\/blog\/wp-json\/wp\/v2\/posts\/136\/revisions\/138"}],"wp:featuredmedia":[{"embeddable":true,"href":"https:\/\/cprembalagens.com.br\/blog\/wp-json\/wp\/v2\/media\/137"}],"wp:attachment":[{"href":"https:\/\/cprembalagens.com.br\/blog\/wp-json\/wp\/v2\/media?parent=136"}],"wp:term":[{"taxonomy":"category","embeddable":true,"href":"https:\/\/cprembalagens.com.br\/blog\/wp-json\/wp\/v2\/categories?post=136"},{"taxonomy":"post_tag","embeddable":true,"href":"https:\/\/cprembalagens.com.br\/blog\/wp-json\/wp\/v2\/tags?post=136"}],"curies":[{"name":"wp","href":"https:\/\/api.w.org\/{rel}","templated":true}]}}